{"id":6926,"date":"2024-12-16T10:00:00","date_gmt":"2024-12-16T08:00:00","guid":{"rendered":"https:\/\/immotecnics.com\/?p=6926"},"modified":"2024-12-16T11:46:00","modified_gmt":"2024-12-16T09:46:00","slug":"exits-al-mercat-immobiliari","status":"publish","type":"post","link":"https:\/\/immotecnics.com\/ca\/exits-al-mercat-immobiliari\/","title":{"rendered":"Els nostres \u00e8xits i novetats al mercat immobiliari: resum del 2024"},"content":{"rendered":"\n<p>Aquest 2024 ha estat un any intens i ple de novetats a Immot\u00e8cnics Real State Agency. Hem sigut testimonis d'un mercat immobiliari en plena transformaci\u00f3, ens hem adaptat a les novetats del sector, per\u00f2 sobretot, hem ajudat els nostres clients a trobar la seva llar ideal. A continuaci\u00f3, compartim amb vosaltres alguns dels moments m\u00e9s destacats d\u2019Immot\u00e8cnics d\u2019aquest any 2024.<\/p>\n\n\n\n<h2 class=\"wp-block-heading\">Immobles venuts l'\u00faltim trimestre: casos d'\u00e8xit<\/h2>\n\n\n\n<p>Durant l'\u00faltim trimestre, Immot\u00e8cnics ha aconseguit tancar amb \u00e8xit la venda de diverses propietats que han trobat nous propietaris. Cada venda \u00e9s per a nosaltres un motiu d\u2019orgull, ja que reflecteix el nostre comprom\u00eds per connectar persones amb propietats que compleixin amb els seus projectes de vida.<\/p>\n\n\n\n<p>Alguns dels <a href=\"https:\/\/immotecnics.com\/ca\/immobles-venuts\/\">immobles destacats que hem venut<\/a> en aquest \u00faltim per\u00edode inclouen:<\/p>\n\n\n\n<p>- <strong>Casa a Montorn\u00e8s del Vall\u00e8s<\/strong>: una propietat espaiosa de 4 habitacions i 3 banys, amb un jard\u00ed i zones exteriors que permeten gaudir de la tranquil\u00b7litat d\u2019una zona residencial, per\u00f2 amb una ubicaci\u00f3 que facilita l\u2019acc\u00e9s als serveis i al transport.&nbsp;<\/p>\n\n\n\n<figure class=\"wp-block-image size-full\"><img loading=\"lazy\" decoding=\"async\" width=\"768\" height=\"448\" src=\"https:\/\/immotecnics.com\/wp-content\/uploads\/2024\/12\/casa-montornes-del-Valles-2.jpg\" alt=\"\" class=\"wp-image-6927\" srcset=\"https:\/\/immotecnics.com\/wp-content\/uploads\/2024\/12\/casa-montornes-del-Valles-2.jpg 768w, https:\/\/immotecnics.com\/wp-content\/uploads\/2024\/12\/casa-montornes-del-Valles-2-480x280.jpg 480w, https:\/\/immotecnics.com\/wp-content\/uploads\/2024\/12\/casa-montornes-del-Valles-2-380x222.jpg 380w, https:\/\/immotecnics.com\/wp-content\/uploads\/2024\/12\/casa-montornes-del-Valles-2-600x350.jpg 600w\" sizes=\"auto, (max-width: 768px) 100vw, 768px\" \/><\/figure>\n\n\n\n<p>- <strong>Espectacular casa a la Roca del Vall\u00e8s<\/strong>: amb 6 habitacions i 4 banys, aquesta casa ofereix amplitud i vistes espectaculars en un entorn natural. Perfecta per gaudir de l\u2019aire lliure i mantenir la proximitat a Barcelona.<\/p>\n\n\n\n<figure class=\"wp-block-image size-large\"><img loading=\"lazy\" decoding=\"async\" width=\"986\" height=\"575\" src=\"https:\/\/immotecnics.com\/wp-content\/uploads\/2024\/12\/Casa-Roca-del-Valles-1-986x575.jpg\" alt=\"\" class=\"wp-image-6930\" srcset=\"https:\/\/immotecnics.com\/wp-content\/uploads\/2024\/12\/Casa-Roca-del-Valles-1-986x575.jpg 986w, https:\/\/immotecnics.com\/wp-content\/uploads\/2024\/12\/Casa-Roca-del-Valles-1-480x280.jpg 480w, https:\/\/immotecnics.com\/wp-content\/uploads\/2024\/12\/Casa-Roca-del-Valles-1-768x448.jpg 768w, https:\/\/immotecnics.com\/wp-content\/uploads\/2024\/12\/Casa-Roca-del-Valles-1-380x222.jpg 380w, https:\/\/immotecnics.com\/wp-content\/uploads\/2024\/12\/Casa-Roca-del-Valles-1-600x350.jpg 600w, https:\/\/immotecnics.com\/wp-content\/uploads\/2024\/12\/Casa-Roca-del-Valles-1.jpg 1200w\" sizes=\"auto, (max-width: 986px) 100vw, 986px\" \/><\/figure>\n\n\n\n<p>- <strong>Pis acollidor a Arenys de Munt<\/strong>: aquest pis de 2 habitacions ofereix una ubicaci\u00f3 c\u00e8ntrica i la comoditat de viure a prop de la costa. Aquest pis ha estat una opci\u00f3 perfecta per a una jove parella que buscava un espai funcional i ben comunicat amb la ciutat.<\/p>\n\n\n\n<figure class=\"wp-block-image size-large\"><img loading=\"lazy\" decoding=\"async\" width=\"986\" height=\"657\" src=\"https:\/\/immotecnics.com\/wp-content\/uploads\/2024\/12\/DSC02172-1-986x657.jpg\" alt=\"\" class=\"wp-image-6936\" srcset=\"https:\/\/immotecnics.com\/wp-content\/uploads\/2024\/12\/DSC02172-1-986x657.jpg 986w, https:\/\/immotecnics.com\/wp-content\/uploads\/2024\/12\/DSC02172-1-480x320.jpg 480w, https:\/\/immotecnics.com\/wp-content\/uploads\/2024\/12\/DSC02172-1-768x512.jpg 768w, https:\/\/immotecnics.com\/wp-content\/uploads\/2024\/12\/DSC02172-1-380x253.jpg 380w, https:\/\/immotecnics.com\/wp-content\/uploads\/2024\/12\/DSC02172-1-1536x1024.jpg 1536w, https:\/\/immotecnics.com\/wp-content\/uploads\/2024\/12\/DSC02172-1-2048x1365.jpg 2048w, https:\/\/immotecnics.com\/wp-content\/uploads\/2024\/12\/DSC02172-1-600x400.jpg 600w, https:\/\/immotecnics.com\/wp-content\/uploads\/2024\/12\/DSC02172-1-scaled.jpg 2560w\" sizes=\"auto, (max-width: 986px) 100vw, 986px\" \/><\/figure>\n\n\n\n<p>- <strong>Casa modernista al centre de Granollers<\/strong>: una propietat \u00fanica per la seva arquitectura, aquesta casa combina hist\u00f2ria i modernitat al cor de Granollers. Amb un estil modernista que destaca en cada detall.<\/p>\n\n\n\n<figure class=\"wp-block-image size-large\"><img loading=\"lazy\" decoding=\"async\" width=\"986\" height=\"575\" src=\"https:\/\/immotecnics.com\/wp-content\/uploads\/2024\/12\/casa-modernista-Centre-Granollers-1-986x575.jpg\" alt=\"\" class=\"wp-image-6933\" srcset=\"https:\/\/immotecnics.com\/wp-content\/uploads\/2024\/12\/casa-modernista-Centre-Granollers-1-986x575.jpg 986w, https:\/\/immotecnics.com\/wp-content\/uploads\/2024\/12\/casa-modernista-Centre-Granollers-1-480x280.jpg 480w, https:\/\/immotecnics.com\/wp-content\/uploads\/2024\/12\/casa-modernista-Centre-Granollers-1-768x448.jpg 768w, https:\/\/immotecnics.com\/wp-content\/uploads\/2024\/12\/casa-modernista-Centre-Granollers-1-380x222.jpg 380w, https:\/\/immotecnics.com\/wp-content\/uploads\/2024\/12\/casa-modernista-Centre-Granollers-1-600x350.jpg 600w, https:\/\/immotecnics.com\/wp-content\/uploads\/2024\/12\/casa-modernista-Centre-Granollers-1.jpg 1200w\" sizes=\"auto, (max-width: 986px) 100vw, 986px\" \/><\/figure>\n\n\n\n<h2 class=\"wp-block-heading\">Nova secci\u00f3: cases singulars<\/h2>\n\n\n\n<p>A Immot\u00e8cnics, sabem que cada propietat t\u00e9 una ess\u00e8ncia \u00fanica, i algunes sobresurten per la seva exclusivitat i car\u00e0cter especial. Per aquest motiu, aquest any hem creat la nostra nova secci\u00f3 de \u201ccases singulars\u201d, un espai dedicat a propietats amb encant \u00fanic. Ja sigui per la seva arquitectura, la seva ubicaci\u00f3 excepcional o la seva hist\u00f2ria, les <a href=\"https:\/\/immotecnics.com\/ca\/cases-singulars\/\">cases singulars<\/a> d\u2019Immot\u00e8cnics estan pensades per a aquells que busquen m\u00e9s que una llar.<\/p>\n\n\n\n<p>Aquesta secci\u00f3 inclou propietats que destaquen per:<\/p>\n\n\n\n<p>- <strong>Disseny exclusiu<\/strong>: arquitectura contempor\u00e0nia, disseny modern i acabats de luxe.<\/p>\n\n\n\n<p>- <strong>Hist\u00f2ria i car\u00e0cter<\/strong>: propietats amb valor hist\u00f2ric o elements arquitect\u00f2nics que les fan singulars.<\/p>\n\n\n\n<p>- <strong>Ubicaci\u00f3 immillorable<\/strong>: cases situades en zones privilegiades, amb vistes al mar o envoltades de natura.<\/p>\n\n\n\n<h2 class=\"wp-block-heading\">Les ressenyes que ens motiven: gr\u00e0cies per aquest 2024<\/h2>\n\n\n\n<p>Aquest any, la confian\u00e7a dels nostres clients ha estat fonamental per aconseguir grans \u00e8xits. A Immot\u00e8cnics, valorem cada experi\u00e8ncia i ens sentim orgullosos de compartir algunes de les ressenyes m\u00e9s destacades que reflecteixen el nostre comprom\u00eds:<\/p>\n\n\n\n<figure class=\"wp-block-image size-large\"><img loading=\"lazy\" decoding=\"async\" width=\"986\" height=\"986\" src=\"https:\/\/immotecnics.com\/wp-content\/uploads\/2024\/12\/1-1-986x986.jpg\" alt=\"\" class=\"wp-image-6939\" srcset=\"https:\/\/immotecnics.com\/wp-content\/uploads\/2024\/12\/1-1-986x986.jpg 986w, https:\/\/immotecnics.com\/wp-content\/uploads\/2024\/12\/1-1-480x480.jpg 480w, https:\/\/immotecnics.com\/wp-content\/uploads\/2024\/12\/1-1-150x150.jpg 150w, https:\/\/immotecnics.com\/wp-content\/uploads\/2024\/12\/1-1-768x768.jpg 768w, https:\/\/immotecnics.com\/wp-content\/uploads\/2024\/12\/1-1-380x380.jpg 380w, https:\/\/immotecnics.com\/wp-content\/uploads\/2024\/12\/1-1-300x300.jpg 300w, https:\/\/immotecnics.com\/wp-content\/uploads\/2024\/12\/1-1-600x600.jpg 600w, https:\/\/immotecnics.com\/wp-content\/uploads\/2024\/12\/1-1-100x100.jpg 100w, https:\/\/immotecnics.com\/wp-content\/uploads\/2024\/12\/1-1-24x24.jpg 24w, https:\/\/immotecnics.com\/wp-content\/uploads\/2024\/12\/1-1-48x48.jpg 48w, https:\/\/immotecnics.com\/wp-content\/uploads\/2024\/12\/1-1-96x96.jpg 96w, https:\/\/immotecnics.com\/wp-content\/uploads\/2024\/12\/1-1.jpg 1080w\" sizes=\"auto, (max-width: 986px) 100vw, 986px\" \/><\/figure>\n\n\n\n<h2 class=\"wp-block-heading\">2024, un any ple de confian\u00e7a<\/h2>\n\n\n\n<p>Tancar aquest 2024 ens permet mirar enrere amb gratitud i orgull pels projectes que hem compartit amb els nostres clients. Cada operaci\u00f3 \u00e9s una hist\u00f2ria, i cada ressenya \u00e9s una prova de la dedicaci\u00f3 del nostre equip per oferir els millors serveis immobiliaris.<\/p>\n\n\n\n<p>A Immot\u00e8cnics, us agra\u00efm de tot cor la confian\u00e7a dipositada en nosaltres i ens comprometem a continuar treballant per fer realitat els vostres projectes immobiliaris l\u2019any vinent.<\/p>\n","protected":false},"excerpt":{"rendered":"<p>Aquest 2024 ha estat un any intens i ple de novetats a Immot\u00e8cnics Real State Agency. Hem sigut testimonis d'un mercat immobiliari en plena transformaci\u00f3, ens hem adaptat a les novetats del sector, per\u00f2 sobretot, hem ajudat els nostres clients a trobar la seva llar ideal. A continuaci\u00f3, compartim amb vosaltres alguns dels moments m\u00e9s [&hellip;]<\/p>\n","protected":false},"author":3,"featured_media":6943,"comment_status":"open","ping_status":"open","sticky":false,"template":"","format":"standard","meta":{"_acf_changed":false,"footnotes":""},"categories":[136,121,1],"tags":[],"class_list":["post-6926","post","type-post","status-publish","format-standard","has-post-thumbnail","hentry","category-cas-dexit","category-cases-singulars","category-sin-categorizar"],"acf":[],"yoast_head":"<!-- This site is optimized with the Yoast SEO plugin v27.2 - https:\/\/yoast.com\/product\/yoast-seo-wordpress\/ -->\n<title>\u00c8xits al mercat immobiliari 2024: cases singulars i immobles venuts<\/title>\n<meta name=\"description\" content=\"Explora els \u00e8xits d\u2019Immot\u00e8cnics en vendes d\u2019immobles, la nova secci\u00f3 de Cases Singulars i la nostra valoraci\u00f3 del mercat immobiliari 2024.\" \/>\n<meta name=\"robots\" content=\"index, follow, max-snippet:-1, max-image-preview:large, max-video-preview:-1\" \/>\n<link rel=\"canonical\" href=\"https:\/\/immotecnics.com\/ca\/exits-al-mercat-immobiliari\/\" \/>\n<meta property=\"og:locale\" content=\"ca_ES\" \/>\n<meta property=\"og:type\" content=\"article\" \/>\n<meta property=\"og:title\" content=\"\u00c8xits al mercat immobiliari 2024: cases singulars i immobles venuts\" \/>\n<meta property=\"og:description\" content=\"Explora els \u00e8xits d\u2019Immot\u00e8cnics en vendes d\u2019immobles, la nova secci\u00f3 de Cases Singulars i la nostra valoraci\u00f3 del mercat immobiliari 2024.\" \/>\n<meta property=\"og:url\" content=\"https:\/\/immotecnics.com\/ca\/exits-al-mercat-immobiliari\/\" \/>\n<meta property=\"og:site_name\" content=\"Immot\u00e8cnics\" \/>\n<meta property=\"article:publisher\" content=\"https:\/\/www.facebook.com\/immotecnics\/\" \/>\n<meta property=\"article:published_time\" content=\"2024-12-16T08:00:00+00:00\" \/>\n<meta property=\"article:modified_time\" content=\"2024-12-16T09:46:00+00:00\" \/>\n<meta property=\"og:image\" content=\"https:\/\/immotecnics.com\/wp-content\/uploads\/2024\/12\/DSC05721-scaled.jpg\" \/>\n\t<meta property=\"og:image:width\" content=\"2560\" \/>\n\t<meta property=\"og:image:height\" content=\"1707\" \/>\n\t<meta property=\"og:image:type\" content=\"image\/jpeg\" \/>\n<meta name=\"author\" content=\"Immot\u00e8cnics\" \/>\n<meta name=\"twitter:card\" content=\"summary_large_image\" \/>\n<meta name=\"twitter:creator\" content=\"@Immotecnics\" \/>\n<meta name=\"twitter:site\" content=\"@Immotecnics\" \/>\n<meta name=\"twitter:label1\" content=\"Escrit per\" \/>\n\t<meta name=\"twitter:data1\" content=\"Immot\u00e8cnics\" \/>\n\t<meta name=\"twitter:label2\" content=\"Temps estimat de lectura\" \/>\n\t<meta name=\"twitter:data2\" content=\"4 minuts\" \/>\n<script type=\"application\/ld+json\" class=\"yoast-schema-graph\">{\"@context\":\"https:\/\/schema.org\",\"@graph\":[{\"@type\":\"Article\",\"@id\":\"https:\/\/immotecnics.com\/ca\/exits-al-mercat-immobiliari\/#article\",\"isPartOf\":{\"@id\":\"https:\/\/immotecnics.com\/ca\/exits-al-mercat-immobiliari\/\"},\"author\":{\"name\":\"Immot\u00e8cnics\",\"@id\":\"https:\/\/immotecnics.com\/ca\/#\/schema\/person\/b457c1079aa79a187f9cc25252745d82\"},\"headline\":\"Els nostres \u00e8xits i novetats al mercat immobiliari: resum del 2024\",\"datePublished\":\"2024-12-16T08:00:00+00:00\",\"dateModified\":\"2024-12-16T09:46:00+00:00\",\"mainEntityOfPage\":{\"@id\":\"https:\/\/immotecnics.com\/ca\/exits-al-mercat-immobiliari\/\"},\"wordCount\":579,\"commentCount\":0,\"publisher\":{\"@id\":\"https:\/\/immotecnics.com\/ca\/#organization\"},\"image\":{\"@id\":\"https:\/\/immotecnics.com\/ca\/exits-al-mercat-immobiliari\/#primaryimage\"},\"thumbnailUrl\":\"https:\/\/immotecnics.com\/wp-content\/uploads\/2024\/12\/DSC05721-scaled.jpg\",\"articleSection\":[\"cas d'\u00e8xit\",\"cases singulars\",\"Sin categorizar\"],\"inLanguage\":\"ca\",\"potentialAction\":[{\"@type\":\"CommentAction\",\"name\":\"Comment\",\"target\":[\"https:\/\/immotecnics.com\/ca\/exits-al-mercat-immobiliari\/#respond\"]}]},{\"@type\":\"WebPage\",\"@id\":\"https:\/\/immotecnics.com\/ca\/exits-al-mercat-immobiliari\/\",\"url\":\"https:\/\/immotecnics.com\/ca\/exits-al-mercat-immobiliari\/\",\"name\":\"\u00c8xits al mercat immobiliari 2024: cases singulars i immobles venuts\",\"isPartOf\":{\"@id\":\"https:\/\/immotecnics.com\/ca\/#website\"},\"primaryImageOfPage\":{\"@id\":\"https:\/\/immotecnics.com\/ca\/exits-al-mercat-immobiliari\/#primaryimage\"},\"image\":{\"@id\":\"https:\/\/immotecnics.com\/ca\/exits-al-mercat-immobiliari\/#primaryimage\"},\"thumbnailUrl\":\"https:\/\/immotecnics.com\/wp-content\/uploads\/2024\/12\/DSC05721-scaled.jpg\",\"datePublished\":\"2024-12-16T08:00:00+00:00\",\"dateModified\":\"2024-12-16T09:46:00+00:00\",\"description\":\"Explora els \u00e8xits d\u2019Immot\u00e8cnics en vendes d\u2019immobles, la nova secci\u00f3 de Cases Singulars i la nostra valoraci\u00f3 del mercat immobiliari 2024.\",\"breadcrumb\":{\"@id\":\"https:\/\/immotecnics.com\/ca\/exits-al-mercat-immobiliari\/#breadcrumb\"},\"inLanguage\":\"ca\",\"potentialAction\":[{\"@type\":\"ReadAction\",\"target\":[\"https:\/\/immotecnics.com\/ca\/exits-al-mercat-immobiliari\/\"]}]},{\"@type\":\"ImageObject\",\"inLanguage\":\"ca\",\"@id\":\"https:\/\/immotecnics.com\/ca\/exits-al-mercat-immobiliari\/#primaryimage\",\"url\":\"https:\/\/immotecnics.com\/wp-content\/uploads\/2024\/12\/DSC05721-scaled.jpg\",\"contentUrl\":\"https:\/\/immotecnics.com\/wp-content\/uploads\/2024\/12\/DSC05721-scaled.jpg\",\"width\":2560,\"height\":1707,\"caption\":\"\u00e8xits al mercat immobiliari\"},{\"@type\":\"BreadcrumbList\",\"@id\":\"https:\/\/immotecnics.com\/ca\/exits-al-mercat-immobiliari\/#breadcrumb\",\"itemListElement\":[{\"@type\":\"ListItem\",\"position\":1,\"name\":\"Home\",\"item\":\"https:\/\/immotecnics.com\/ca\/\"},{\"@type\":\"ListItem\",\"position\":2,\"name\":\"Els nostres \u00e8xits i novetats al mercat immobiliari: resum del 2024\"}]},{\"@type\":\"WebSite\",\"@id\":\"https:\/\/immotecnics.com\/ca\/#website\",\"url\":\"https:\/\/immotecnics.com\/ca\/\",\"name\":\"Immot\u00e8cnics\",\"description\":\"Immobiliaria Real State\",\"publisher\":{\"@id\":\"https:\/\/immotecnics.com\/ca\/#organization\"},\"potentialAction\":[{\"@type\":\"SearchAction\",\"target\":{\"@type\":\"EntryPoint\",\"urlTemplate\":\"https:\/\/immotecnics.com\/ca\/?s={search_term_string}\"},\"query-input\":{\"@type\":\"PropertyValueSpecification\",\"valueRequired\":true,\"valueName\":\"search_term_string\"}}],\"inLanguage\":\"ca\"},{\"@type\":\"Organization\",\"@id\":\"https:\/\/immotecnics.com\/ca\/#organization\",\"name\":\"Immot\u00e8cnics\",\"url\":\"https:\/\/immotecnics.com\/ca\/\",\"logo\":{\"@type\":\"ImageObject\",\"inLanguage\":\"ca\",\"@id\":\"https:\/\/immotecnics.com\/ca\/#\/schema\/logo\/image\/\",\"url\":\"https:\/\/immotecnics.com\/wp-content\/uploads\/2023\/03\/cropped-favicon.png\",\"contentUrl\":\"https:\/\/immotecnics.com\/wp-content\/uploads\/2023\/03\/cropped-favicon.png\",\"width\":512,\"height\":512,\"caption\":\"Immot\u00e8cnics\"},\"image\":{\"@id\":\"https:\/\/immotecnics.com\/ca\/#\/schema\/logo\/image\/\"},\"sameAs\":[\"https:\/\/www.facebook.com\/immotecnics\/\",\"https:\/\/x.com\/Immotecnics\",\"https:\/\/www.linkedin.com\/company\/immotecnics\/?originalSubdomain=es\",\"https:\/\/www.instagram.com\/immotecnics\/\",\"https:\/\/www.youtube.com\/channel\/UCuui4F1ETMrBhYS7BbGrhGg\"]},{\"@type\":\"Person\",\"@id\":\"https:\/\/immotecnics.com\/ca\/#\/schema\/person\/b457c1079aa79a187f9cc25252745d82\",\"name\":\"Immot\u00e8cnics\",\"image\":{\"@type\":\"ImageObject\",\"inLanguage\":\"ca\",\"@id\":\"https:\/\/secure.gravatar.com\/avatar\/21f9aea914fdb43ed4bc37ad5523bcd1d06f3cc370fa38c2012f2dbb37e353ac?s=96&d=mm&r=g\",\"url\":\"https:\/\/secure.gravatar.com\/avatar\/21f9aea914fdb43ed4bc37ad5523bcd1d06f3cc370fa38c2012f2dbb37e353ac?s=96&d=mm&r=g\",\"contentUrl\":\"https:\/\/secure.gravatar.com\/avatar\/21f9aea914fdb43ed4bc37ad5523bcd1d06f3cc370fa38c2012f2dbb37e353ac?s=96&d=mm&r=g\",\"caption\":\"Immot\u00e8cnics\"},\"url\":\"https:\/\/immotecnics.com\/ca\/author\/immotecnics\/\"}]}<\/script>\n<!-- \/ Yoast SEO plugin. -->","yoast_head_json":{"title":"\u00c8xits al mercat immobiliari 2024: cases singulars i immobles venuts","description":"Explora els \u00e8xits d\u2019Immot\u00e8cnics en vendes d\u2019immobles, la nova secci\u00f3 de Cases Singulars i la nostra valoraci\u00f3 del mercat immobiliari 2024.","robots":{"index":"index","follow":"follow","max-snippet":"max-snippet:-1","max-image-preview":"max-image-preview:large","max-video-preview":"max-video-preview:-1"},"canonical":"https:\/\/immotecnics.com\/ca\/exits-al-mercat-immobiliari\/","og_locale":"ca_ES","og_type":"article","og_title":"\u00c8xits al mercat immobiliari 2024: cases singulars i immobles venuts","og_description":"Explora els \u00e8xits d\u2019Immot\u00e8cnics en vendes d\u2019immobles, la nova secci\u00f3 de Cases Singulars i la nostra valoraci\u00f3 del mercat immobiliari 2024.","og_url":"https:\/\/immotecnics.com\/ca\/exits-al-mercat-immobiliari\/","og_site_name":"Immot\u00e8cnics","article_publisher":"https:\/\/www.facebook.com\/immotecnics\/","article_published_time":"2024-12-16T08:00:00+00:00","article_modified_time":"2024-12-16T09:46:00+00:00","og_image":[{"width":2560,"height":1707,"url":"https:\/\/immotecnics.com\/wp-content\/uploads\/2024\/12\/DSC05721-scaled.jpg","type":"image\/jpeg"}],"author":"Immot\u00e8cnics","twitter_card":"summary_large_image","twitter_creator":"@Immotecnics","twitter_site":"@Immotecnics","twitter_misc":{"Escrit per":"Immot\u00e8cnics","Temps estimat de lectura":"4 minuts"},"schema":{"@context":"https:\/\/schema.org","@graph":[{"@type":"Article","@id":"https:\/\/immotecnics.com\/ca\/exits-al-mercat-immobiliari\/#article","isPartOf":{"@id":"https:\/\/immotecnics.com\/ca\/exits-al-mercat-immobiliari\/"},"author":{"name":"Immot\u00e8cnics","@id":"https:\/\/immotecnics.com\/ca\/#\/schema\/person\/b457c1079aa79a187f9cc25252745d82"},"headline":"Els nostres \u00e8xits i novetats al mercat immobiliari: resum del 2024","datePublished":"2024-12-16T08:00:00+00:00","dateModified":"2024-12-16T09:46:00+00:00","mainEntityOfPage":{"@id":"https:\/\/immotecnics.com\/ca\/exits-al-mercat-immobiliari\/"},"wordCount":579,"commentCount":0,"publisher":{"@id":"https:\/\/immotecnics.com\/ca\/#organization"},"image":{"@id":"https:\/\/immotecnics.com\/ca\/exits-al-mercat-immobiliari\/#primaryimage"},"thumbnailUrl":"https:\/\/immotecnics.com\/wp-content\/uploads\/2024\/12\/DSC05721-scaled.jpg","articleSection":["cas d'\u00e8xit","cases singulars","Sin categorizar"],"inLanguage":"ca","potentialAction":[{"@type":"CommentAction","name":"Comment","target":["https:\/\/immotecnics.com\/ca\/exits-al-mercat-immobiliari\/#respond"]}]},{"@type":"WebPage","@id":"https:\/\/immotecnics.com\/ca\/exits-al-mercat-immobiliari\/","url":"https:\/\/immotecnics.com\/ca\/exits-al-mercat-immobiliari\/","name":"\u00c8xits al mercat immobiliari 2024: cases singulars i immobles venuts","isPartOf":{"@id":"https:\/\/immotecnics.com\/ca\/#website"},"primaryImageOfPage":{"@id":"https:\/\/immotecnics.com\/ca\/exits-al-mercat-immobiliari\/#primaryimage"},"image":{"@id":"https:\/\/immotecnics.com\/ca\/exits-al-mercat-immobiliari\/#primaryimage"},"thumbnailUrl":"https:\/\/immotecnics.com\/wp-content\/uploads\/2024\/12\/DSC05721-scaled.jpg","datePublished":"2024-12-16T08:00:00+00:00","dateModified":"2024-12-16T09:46:00+00:00","description":"Explora els \u00e8xits d\u2019Immot\u00e8cnics en vendes d\u2019immobles, la nova secci\u00f3 de Cases Singulars i la nostra valoraci\u00f3 del mercat immobiliari 2024.","breadcrumb":{"@id":"https:\/\/immotecnics.com\/ca\/exits-al-mercat-immobiliari\/#breadcrumb"},"inLanguage":"ca","potentialAction":[{"@type":"ReadAction","target":["https:\/\/immotecnics.com\/ca\/exits-al-mercat-immobiliari\/"]}]},{"@type":"ImageObject","inLanguage":"ca","@id":"https:\/\/immotecnics.com\/ca\/exits-al-mercat-immobiliari\/#primaryimage","url":"https:\/\/immotecnics.com\/wp-content\/uploads\/2024\/12\/DSC05721-scaled.jpg","contentUrl":"https:\/\/immotecnics.com\/wp-content\/uploads\/2024\/12\/DSC05721-scaled.jpg","width":2560,"height":1707,"caption":"\u00e8xits al mercat immobiliari"},{"@type":"BreadcrumbList","@id":"https:\/\/immotecnics.com\/ca\/exits-al-mercat-immobiliari\/#breadcrumb","itemListElement":[{"@type":"ListItem","position":1,"name":"Home","item":"https:\/\/immotecnics.com\/ca\/"},{"@type":"ListItem","position":2,"name":"Els nostres \u00e8xits i novetats al mercat immobiliari: resum del 2024"}]},{"@type":"WebSite","@id":"https:\/\/immotecnics.com\/ca\/#website","url":"https:\/\/immotecnics.com\/ca\/","name":"Immot\u00e8cnics","description":"Immobiliaria Real State","publisher":{"@id":"https:\/\/immotecnics.com\/ca\/#organization"},"potentialAction":[{"@type":"SearchAction","target":{"@type":"EntryPoint","urlTemplate":"https:\/\/immotecnics.com\/ca\/?s={search_term_string}"},"query-input":{"@type":"PropertyValueSpecification","valueRequired":true,"valueName":"search_term_string"}}],"inLanguage":"ca"},{"@type":"Organization","@id":"https:\/\/immotecnics.com\/ca\/#organization","name":"Immot\u00e8cnics","url":"https:\/\/immotecnics.com\/ca\/","logo":{"@type":"ImageObject","inLanguage":"ca","@id":"https:\/\/immotecnics.com\/ca\/#\/schema\/logo\/image\/","url":"https:\/\/immotecnics.com\/wp-content\/uploads\/2023\/03\/cropped-favicon.png","contentUrl":"https:\/\/immotecnics.com\/wp-content\/uploads\/2023\/03\/cropped-favicon.png","width":512,"height":512,"caption":"Immot\u00e8cnics"},"image":{"@id":"https:\/\/immotecnics.com\/ca\/#\/schema\/logo\/image\/"},"sameAs":["https:\/\/www.facebook.com\/immotecnics\/","https:\/\/x.com\/Immotecnics","https:\/\/www.linkedin.com\/company\/immotecnics\/?originalSubdomain=es","https:\/\/www.instagram.com\/immotecnics\/","https:\/\/www.youtube.com\/channel\/UCuui4F1ETMrBhYS7BbGrhGg"]},{"@type":"Person","@id":"https:\/\/immotecnics.com\/ca\/#\/schema\/person\/b457c1079aa79a187f9cc25252745d82","name":"Immot\u00e8cnics","image":{"@type":"ImageObject","inLanguage":"ca","@id":"https:\/\/secure.gravatar.com\/avatar\/21f9aea914fdb43ed4bc37ad5523bcd1d06f3cc370fa38c2012f2dbb37e353ac?s=96&d=mm&r=g","url":"https:\/\/secure.gravatar.com\/avatar\/21f9aea914fdb43ed4bc37ad5523bcd1d06f3cc370fa38c2012f2dbb37e353ac?s=96&d=mm&r=g","contentUrl":"https:\/\/secure.gravatar.com\/avatar\/21f9aea914fdb43ed4bc37ad5523bcd1d06f3cc370fa38c2012f2dbb37e353ac?s=96&d=mm&r=g","caption":"Immot\u00e8cnics"},"url":"https:\/\/immotecnics.com\/ca\/author\/immotecnics\/"}]}},"_links":{"self":[{"href":"https:\/\/immotecnics.com\/ca\/wp-json\/wp\/v2\/posts\/6926","targetHints":{"allow":["GET"]}}],"collection":[{"href":"https:\/\/immotecnics.com\/ca\/wp-json\/wp\/v2\/posts"}],"about":[{"href":"https:\/\/immotecnics.com\/ca\/wp-json\/wp\/v2\/types\/post"}],"author":[{"embeddable":true,"href":"https:\/\/immotecnics.com\/ca\/wp-json\/wp\/v2\/users\/3"}],"replies":[{"embeddable":true,"href":"https:\/\/immotecnics.com\/ca\/wp-json\/wp\/v2\/comments?post=6926"}],"version-history":[{"count":1,"href":"https:\/\/immotecnics.com\/ca\/wp-json\/wp\/v2\/posts\/6926\/revisions"}],"predecessor-version":[{"id":6942,"href":"https:\/\/immotecnics.com\/ca\/wp-json\/wp\/v2\/posts\/6926\/revisions\/6942"}],"wp:featuredmedia":[{"embeddable":true,"href":"https:\/\/immotecnics.com\/ca\/wp-json\/wp\/v2\/media\/6943"}],"wp:attachment":[{"href":"https:\/\/immotecnics.com\/ca\/wp-json\/wp\/v2\/media?parent=6926"}],"wp:term":[{"taxonomy":"category","embeddable":true,"href":"https:\/\/immotecnics.com\/ca\/wp-json\/wp\/v2\/categories?post=6926"},{"taxonomy":"post_tag","embeddable":true,"href":"https:\/\/immotecnics.com\/ca\/wp-json\/wp\/v2\/tags?post=6926"}],"curies":[{"name":"wp","href":"https:\/\/api.w.org\/{rel}","templated":true}]}}