{"id":6483,"date":"2024-11-08T09:57:25","date_gmt":"2024-11-08T07:57:25","guid":{"rendered":"https:\/\/immotecnics.com\/?p=6483"},"modified":"2024-11-08T10:00:45","modified_gmt":"2024-11-08T08:00:45","slug":"serveis-immobiliaris-primera-residencia","status":"publish","type":"post","link":"https:\/\/immotecnics.com\/ca\/serveis-immobiliaris-primera-residencia\/","title":{"rendered":"Serveis immobiliaris personalitzats: De segona a primera resid\u00e8ncia somiada"},"content":{"rendered":"\n<p>Laura Calahorro i Alfonso Morell\u00f3n, van decidir confiar en els serveis immobiliaris d\u2019Immot\u00e8cnics per iniciar la seva recerca d\u2019una segona resid\u00e8ncia familiar.<\/p>\n\n\n\n<p>La idea inicial era trobar un espai per desconnectar els caps de setmana, per\u00f2 gr\u00e0cies a l\u2019acompanyament personalitzat de la nostra experta Daniela Gonzales, aquesta cerca va evolucionar fins a convertir-se en la seva primera resid\u00e8ncia ideal.<\/p>\n\n\n\n<div style=\"height:30px\" aria-hidden=\"true\" class=\"wp-block-spacer\"><\/div>\n\n\n\n<h2 class=\"wp-block-heading\">Superaci\u00f3 d'obstacles durant el proc\u00e9s de compra<\/h2>\n\n\n\n<p>La complexitat del proc\u00e9s va ser evident des del principi, ja que implicava la coordinaci\u00f3 de tres compravendes encadenades amb diverses fam\u00edlies.<\/p>\n\n\n\n<p>La parella destaca que els serveis immobiliaris d\u2019Immot\u00e8cnics van ser fonamentals per gestionar cada detall i solucionar les complicacions burocr\u00e0tiques que van sorgir pel cam\u00ed. L\u2019equip va oferir suport constant, disponibilitat i una gran paci\u00e8ncia, aconseguint que, malgrat els reptes, tot el proc\u00e9s es desenvolup\u00e9s de manera fluida i tranquil\u00b7la.<\/p>\n\n\n\n<p class=\"has-luminous-vivid-orange-color has-text-color has-link-color wp-elements-9b2e72610c8b67f32d6f679879b56057\"><em>\u00abDaniela, escuchando nuestros comentarios y debates, nos ofreci\u00f3 otra propuesta que no pudimos rechazar.\u00bb<\/em><\/p>\n\n\n\n<div style=\"height:30px\" aria-hidden=\"true\" class=\"wp-block-spacer\"><\/div>\n\n\n\n<h2 class=\"wp-block-heading\">Assessorament legal i fiscal, clau per a una compra segura<\/h2>\n\n\n\n<p>Durant la transacci\u00f3, la fam\u00edlia va tenir dubtes sobre la fiscalitat de l\u2019operaci\u00f3, un aspecte important en qualsevol compra de primera resid\u00e8ncia. Davant d'aquesta situaci\u00f3, Immot\u00e8cnics vam rec\u00f3rrer al nostre servei jur\u00eddic per assegurar una resposta ben fonamentada i evitar possibles problemes en el futur.<\/p>\n\n\n\n<p class=\"has-luminous-vivid-orange-color has-text-color has-link-color wp-elements-c3775b2432026600642472b258804c60\"><em>\u00abTuvimos una duda concreta sobre la fiscalidad de la operaci\u00f3n y trasladaron la cuesti\u00f3n a sus servicios jur\u00eddicos para dar una respuesta colegiada.\u00bb<\/em><\/p>\n\n\n\n<div style=\"height:30px\" aria-hidden=\"true\" class=\"wp-block-spacer\"><\/div>\n\n\n\n<h2 class=\"wp-block-heading\">Trobar la primera resid\u00e8ncia somiada a Lli\u00e7\u00e0 d'Amunt<\/h2>\n\n\n\n<p>Tot i comen\u00e7ar amb la idea d\u2019una segona resid\u00e8ncia, la fam\u00edlia va acabar trobant el seu nou projecte de vida amb Immot\u00e8cnics. La propietat que van triar, ubicada a Lli\u00e7\u00e0 d'Amunt, complia tots els requisits que buscaven: tranquil\u00b7litat, comoditat per a la fam\u00edlia i una excel\u00b7lent comunicaci\u00f3 amb Barcelona per facilitar els despla\u00e7aments escolars dels fills. El proc\u00e9s d\u2019escolta i adaptaci\u00f3 d\u2019Immot\u00e8cnics va permetre a la fam\u00edlia transformar la seva visi\u00f3 inicial en una nova primera resid\u00e8ncia.<\/p>\n\n\n\n<p class=\"has-luminous-vivid-orange-color has-text-color has-link-color wp-elements-72375504538b117b1cedfe14b2f5e208\"><em>\u00abDir\u00edamos que Immot\u00e8cnics ha sabido interpretar exactamente nuestras necesidades, haciendo realidad nuestro proyecto de vida.\u00bb<\/em><\/p>\n\n\n\n<div style=\"height:30px\" aria-hidden=\"true\" class=\"wp-block-spacer\"><\/div>\n\n\n\n<h2 class=\"wp-block-heading\">Els serveis immobiliaris d\u2019Immot\u00e8cnics<\/h2>\n\n\n\n<p>La fam\u00edlia destaca el tracte proper i la professionalitat rebuda durant tot el proc\u00e9s.<\/p>\n\n\n\n<p class=\"has-luminous-vivid-orange-color has-text-color has-link-color wp-elements-525dbd898fbf03922b392b21202a7374\"><em>\u00abA diferencia de otras inmobiliairas, Immot\u00e8cnics no ejerci\u00f3 ninguna presi\u00f3n por cerrar la operaci\u00f3n, sino que prioriz\u00f3 encontrar la propiedad adecuada para nosotros.\u00bb<\/em><\/p>\n\n\n\n<div style=\"height:30px\" aria-hidden=\"true\" class=\"wp-block-spacer\"><\/div>\n\n\n\n<hr class=\"wp-block-separator has-alpha-channel-opacity\"\/>\n\n\n\n<div style=\"height:30px\" aria-hidden=\"true\" class=\"wp-block-spacer\"><\/div>\n\n\n\n<p>Si est\u00e0s buscant una propietat que s'adapti a les teves necessitats, Immot\u00e8cnics t\u2019ofereix serveis immobiliaris personalitzats per assegurar que trobis el teu espai ideal.<br><\/p>\n\n\n\n<p><a href=\"https:\/\/immotecnics.com\/ca\/contacte\/\">Contacta amb nosaltres aqu\u00ed<\/a> i deixa'ns acompanyar-te en el cam\u00ed cap a la teva nova llar.<\/p>\n","protected":false},"excerpt":{"rendered":"<p>Laura Calahorro i Alfonso Morell\u00f3n, van decidir confiar en els serveis immobiliaris d\u2019Immot\u00e8cnics per iniciar la seva recerca d\u2019una segona resid\u00e8ncia familiar. La idea inicial era trobar un espai per desconnectar els caps de setmana, per\u00f2 gr\u00e0cies a l\u2019acompanyament personalitzat de la nostra experta Daniela Gonzales, aquesta cerca va evolucionar fins a convertir-se en la [&hellip;]<\/p>\n","protected":false},"author":3,"featured_media":6480,"comment_status":"open","ping_status":"open","sticky":false,"template":"","format":"standard","meta":{"_acf_changed":false,"footnotes":""},"categories":[136,42],"tags":[137],"class_list":["post-6483","post","type-post","status-publish","format-standard","has-post-thumbnail","hentry","category-cas-dexit","category-sin-categorizar-ca","tag-testimonis"],"acf":[],"yoast_head":"<!-- This site is optimized with the Yoast SEO plugin v27.2 - https:\/\/yoast.com\/product\/yoast-seo-wordpress\/ -->\n<title>Serveis immobiliaris: descobreix la hist\u00f2ria de la Laura i l&#039;Alfonso<\/title>\n<meta name=\"description\" content=\"Descobreix com Immot\u00e8cnics, a trav\u00e9s dels nostres serveis personalitzats, vam ajudar una fam\u00edlia a trobar la seva primera resid\u00e8ncia ideal.\" \/>\n<meta name=\"robots\" content=\"index, follow, max-snippet:-1, max-image-preview:large, max-video-preview:-1\" \/>\n<link rel=\"canonical\" href=\"https:\/\/immotecnics.com\/ca\/serveis-immobiliaris-primera-residencia\/\" \/>\n<meta property=\"og:locale\" content=\"ca_ES\" \/>\n<meta property=\"og:type\" content=\"article\" \/>\n<meta property=\"og:title\" content=\"Serveis immobiliaris: Descobreix la hist\u00f2ria de la Laura i l&#039;Alfonso\" \/>\n<meta property=\"og:description\" content=\"Descobreix com Immot\u00e8cnics, a trav\u00e9s dels nostres serveis personalitzats, vam ajudar una fam\u00edlia a trobar la seva primera resid\u00e8ncia ideal.\" \/>\n<meta property=\"og:url\" content=\"https:\/\/immotecnics.com\/ca\/serveis-immobiliaris-primera-residencia\/\" \/>\n<meta property=\"og:site_name\" content=\"Immot\u00e8cnics\" \/>\n<meta property=\"article:publisher\" content=\"https:\/\/www.facebook.com\/immotecnics\/\" \/>\n<meta property=\"article:published_time\" content=\"2024-11-08T07:57:25+00:00\" \/>\n<meta property=\"article:modified_time\" content=\"2024-11-08T08:00:45+00:00\" \/>\n<meta property=\"og:image\" content=\"https:\/\/immotecnics.com\/wp-content\/uploads\/2024\/11\/cas-exit-serveis-immobiliaris-primera-residencia-immotecnics.jpg\" \/>\n\t<meta property=\"og:image:width\" content=\"1200\" \/>\n\t<meta property=\"og:image:height\" content=\"700\" \/>\n\t<meta property=\"og:image:type\" content=\"image\/jpeg\" \/>\n<meta name=\"author\" content=\"Immot\u00e8cnics\" \/>\n<meta name=\"twitter:card\" content=\"summary_large_image\" \/>\n<meta name=\"twitter:creator\" content=\"@Immotecnics\" \/>\n<meta name=\"twitter:site\" content=\"@Immotecnics\" \/>\n<meta name=\"twitter:label1\" content=\"Escrit per\" \/>\n\t<meta name=\"twitter:data1\" content=\"Immot\u00e8cnics\" \/>\n\t<meta name=\"twitter:label2\" content=\"Temps estimat de lectura\" \/>\n\t<meta name=\"twitter:data2\" content=\"3 minuts\" \/>\n<script type=\"application\/ld+json\" class=\"yoast-schema-graph\">{\"@context\":\"https:\/\/schema.org\",\"@graph\":[{\"@type\":\"Article\",\"@id\":\"https:\/\/immotecnics.com\/ca\/serveis-immobiliaris-primera-residencia\/#article\",\"isPartOf\":{\"@id\":\"https:\/\/immotecnics.com\/ca\/serveis-immobiliaris-primera-residencia\/\"},\"author\":{\"name\":\"Immot\u00e8cnics\",\"@id\":\"https:\/\/immotecnics.com\/ca\/#\/schema\/person\/b457c1079aa79a187f9cc25252745d82\"},\"headline\":\"Serveis immobiliaris personalitzats: De segona a primera resid\u00e8ncia somiada\",\"datePublished\":\"2024-11-08T07:57:25+00:00\",\"dateModified\":\"2024-11-08T08:00:45+00:00\",\"mainEntityOfPage\":{\"@id\":\"https:\/\/immotecnics.com\/ca\/serveis-immobiliaris-primera-residencia\/\"},\"wordCount\":483,\"commentCount\":0,\"publisher\":{\"@id\":\"https:\/\/immotecnics.com\/ca\/#organization\"},\"image\":{\"@id\":\"https:\/\/immotecnics.com\/ca\/serveis-immobiliaris-primera-residencia\/#primaryimage\"},\"thumbnailUrl\":\"https:\/\/immotecnics.com\/wp-content\/uploads\/2024\/11\/cas-exit-serveis-immobiliaris-primera-residencia-immotecnics.jpg\",\"keywords\":[\"testimonis\"],\"articleSection\":[\"cas d'\u00e8xit\",\"Sin categorizar\"],\"inLanguage\":\"ca\",\"potentialAction\":[{\"@type\":\"CommentAction\",\"name\":\"Comment\",\"target\":[\"https:\/\/immotecnics.com\/ca\/serveis-immobiliaris-primera-residencia\/#respond\"]}]},{\"@type\":\"WebPage\",\"@id\":\"https:\/\/immotecnics.com\/ca\/serveis-immobiliaris-primera-residencia\/\",\"url\":\"https:\/\/immotecnics.com\/ca\/serveis-immobiliaris-primera-residencia\/\",\"name\":\"Serveis immobiliaris: descobreix la hist\u00f2ria de la Laura i l'Alfonso\",\"isPartOf\":{\"@id\":\"https:\/\/immotecnics.com\/ca\/#website\"},\"primaryImageOfPage\":{\"@id\":\"https:\/\/immotecnics.com\/ca\/serveis-immobiliaris-primera-residencia\/#primaryimage\"},\"image\":{\"@id\":\"https:\/\/immotecnics.com\/ca\/serveis-immobiliaris-primera-residencia\/#primaryimage\"},\"thumbnailUrl\":\"https:\/\/immotecnics.com\/wp-content\/uploads\/2024\/11\/cas-exit-serveis-immobiliaris-primera-residencia-immotecnics.jpg\",\"datePublished\":\"2024-11-08T07:57:25+00:00\",\"dateModified\":\"2024-11-08T08:00:45+00:00\",\"description\":\"Descobreix com Immot\u00e8cnics, a trav\u00e9s dels nostres serveis personalitzats, vam ajudar una fam\u00edlia a trobar la seva primera resid\u00e8ncia ideal.\",\"breadcrumb\":{\"@id\":\"https:\/\/immotecnics.com\/ca\/serveis-immobiliaris-primera-residencia\/#breadcrumb\"},\"inLanguage\":\"ca\",\"potentialAction\":[{\"@type\":\"ReadAction\",\"target\":[\"https:\/\/immotecnics.com\/ca\/serveis-immobiliaris-primera-residencia\/\"]}]},{\"@type\":\"ImageObject\",\"inLanguage\":\"ca\",\"@id\":\"https:\/\/immotecnics.com\/ca\/serveis-immobiliaris-primera-residencia\/#primaryimage\",\"url\":\"https:\/\/immotecnics.com\/wp-content\/uploads\/2024\/11\/cas-exit-serveis-immobiliaris-primera-residencia-immotecnics.jpg\",\"contentUrl\":\"https:\/\/immotecnics.com\/wp-content\/uploads\/2024\/11\/cas-exit-serveis-immobiliaris-primera-residencia-immotecnics.jpg\",\"width\":1200,\"height\":700,\"caption\":\"Servicios inmobiliarios personalizados de Immot\u00e8cnics\"},{\"@type\":\"BreadcrumbList\",\"@id\":\"https:\/\/immotecnics.com\/ca\/serveis-immobiliaris-primera-residencia\/#breadcrumb\",\"itemListElement\":[{\"@type\":\"ListItem\",\"position\":1,\"name\":\"Home\",\"item\":\"https:\/\/immotecnics.com\/ca\/\"},{\"@type\":\"ListItem\",\"position\":2,\"name\":\"Serveis immobiliaris personalitzats: De segona a primera resid\u00e8ncia somiada\"}]},{\"@type\":\"WebSite\",\"@id\":\"https:\/\/immotecnics.com\/ca\/#website\",\"url\":\"https:\/\/immotecnics.com\/ca\/\",\"name\":\"Immot\u00e8cnics\",\"description\":\"Immobiliaria Real State\",\"publisher\":{\"@id\":\"https:\/\/immotecnics.com\/ca\/#organization\"},\"potentialAction\":[{\"@type\":\"SearchAction\",\"target\":{\"@type\":\"EntryPoint\",\"urlTemplate\":\"https:\/\/immotecnics.com\/ca\/?s={search_term_string}\"},\"query-input\":{\"@type\":\"PropertyValueSpecification\",\"valueRequired\":true,\"valueName\":\"search_term_string\"}}],\"inLanguage\":\"ca\"},{\"@type\":\"Organization\",\"@id\":\"https:\/\/immotecnics.com\/ca\/#organization\",\"name\":\"Immot\u00e8cnics\",\"url\":\"https:\/\/immotecnics.com\/ca\/\",\"logo\":{\"@type\":\"ImageObject\",\"inLanguage\":\"ca\",\"@id\":\"https:\/\/immotecnics.com\/ca\/#\/schema\/logo\/image\/\",\"url\":\"https:\/\/immotecnics.com\/wp-content\/uploads\/2023\/03\/cropped-favicon.png\",\"contentUrl\":\"https:\/\/immotecnics.com\/wp-content\/uploads\/2023\/03\/cropped-favicon.png\",\"width\":512,\"height\":512,\"caption\":\"Immot\u00e8cnics\"},\"image\":{\"@id\":\"https:\/\/immotecnics.com\/ca\/#\/schema\/logo\/image\/\"},\"sameAs\":[\"https:\/\/www.facebook.com\/immotecnics\/\",\"https:\/\/x.com\/Immotecnics\",\"https:\/\/www.linkedin.com\/company\/immotecnics\/?originalSubdomain=es\",\"https:\/\/www.instagram.com\/immotecnics\/\",\"https:\/\/www.youtube.com\/channel\/UCuui4F1ETMrBhYS7BbGrhGg\"]},{\"@type\":\"Person\",\"@id\":\"https:\/\/immotecnics.com\/ca\/#\/schema\/person\/b457c1079aa79a187f9cc25252745d82\",\"name\":\"Immot\u00e8cnics\",\"image\":{\"@type\":\"ImageObject\",\"inLanguage\":\"ca\",\"@id\":\"https:\/\/secure.gravatar.com\/avatar\/21f9aea914fdb43ed4bc37ad5523bcd1d06f3cc370fa38c2012f2dbb37e353ac?s=96&d=mm&r=g\",\"url\":\"https:\/\/secure.gravatar.com\/avatar\/21f9aea914fdb43ed4bc37ad5523bcd1d06f3cc370fa38c2012f2dbb37e353ac?s=96&d=mm&r=g\",\"contentUrl\":\"https:\/\/secure.gravatar.com\/avatar\/21f9aea914fdb43ed4bc37ad5523bcd1d06f3cc370fa38c2012f2dbb37e353ac?s=96&d=mm&r=g\",\"caption\":\"Immot\u00e8cnics\"},\"url\":\"https:\/\/immotecnics.com\/ca\/author\/immotecnics\/\"}]}<\/script>\n<!-- \/ Yoast SEO plugin. -->","yoast_head_json":{"title":"Serveis immobiliaris: descobreix la hist\u00f2ria de la Laura i l'Alfonso","description":"Descobreix com Immot\u00e8cnics, a trav\u00e9s dels nostres serveis personalitzats, vam ajudar una fam\u00edlia a trobar la seva primera resid\u00e8ncia ideal.","robots":{"index":"index","follow":"follow","max-snippet":"max-snippet:-1","max-image-preview":"max-image-preview:large","max-video-preview":"max-video-preview:-1"},"canonical":"https:\/\/immotecnics.com\/ca\/serveis-immobiliaris-primera-residencia\/","og_locale":"ca_ES","og_type":"article","og_title":"Serveis immobiliaris: Descobreix la hist\u00f2ria de la Laura i l'Alfonso","og_description":"Descobreix com Immot\u00e8cnics, a trav\u00e9s dels nostres serveis personalitzats, vam ajudar una fam\u00edlia a trobar la seva primera resid\u00e8ncia ideal.","og_url":"https:\/\/immotecnics.com\/ca\/serveis-immobiliaris-primera-residencia\/","og_site_name":"Immot\u00e8cnics","article_publisher":"https:\/\/www.facebook.com\/immotecnics\/","article_published_time":"2024-11-08T07:57:25+00:00","article_modified_time":"2024-11-08T08:00:45+00:00","og_image":[{"width":1200,"height":700,"url":"https:\/\/immotecnics.com\/wp-content\/uploads\/2024\/11\/cas-exit-serveis-immobiliaris-primera-residencia-immotecnics.jpg","type":"image\/jpeg"}],"author":"Immot\u00e8cnics","twitter_card":"summary_large_image","twitter_creator":"@Immotecnics","twitter_site":"@Immotecnics","twitter_misc":{"Escrit per":"Immot\u00e8cnics","Temps estimat de lectura":"3 minuts"},"schema":{"@context":"https:\/\/schema.org","@graph":[{"@type":"Article","@id":"https:\/\/immotecnics.com\/ca\/serveis-immobiliaris-primera-residencia\/#article","isPartOf":{"@id":"https:\/\/immotecnics.com\/ca\/serveis-immobiliaris-primera-residencia\/"},"author":{"name":"Immot\u00e8cnics","@id":"https:\/\/immotecnics.com\/ca\/#\/schema\/person\/b457c1079aa79a187f9cc25252745d82"},"headline":"Serveis immobiliaris personalitzats: De segona a primera resid\u00e8ncia somiada","datePublished":"2024-11-08T07:57:25+00:00","dateModified":"2024-11-08T08:00:45+00:00","mainEntityOfPage":{"@id":"https:\/\/immotecnics.com\/ca\/serveis-immobiliaris-primera-residencia\/"},"wordCount":483,"commentCount":0,"publisher":{"@id":"https:\/\/immotecnics.com\/ca\/#organization"},"image":{"@id":"https:\/\/immotecnics.com\/ca\/serveis-immobiliaris-primera-residencia\/#primaryimage"},"thumbnailUrl":"https:\/\/immotecnics.com\/wp-content\/uploads\/2024\/11\/cas-exit-serveis-immobiliaris-primera-residencia-immotecnics.jpg","keywords":["testimonis"],"articleSection":["cas d'\u00e8xit","Sin categorizar"],"inLanguage":"ca","potentialAction":[{"@type":"CommentAction","name":"Comment","target":["https:\/\/immotecnics.com\/ca\/serveis-immobiliaris-primera-residencia\/#respond"]}]},{"@type":"WebPage","@id":"https:\/\/immotecnics.com\/ca\/serveis-immobiliaris-primera-residencia\/","url":"https:\/\/immotecnics.com\/ca\/serveis-immobiliaris-primera-residencia\/","name":"Serveis immobiliaris: descobreix la hist\u00f2ria de la Laura i l'Alfonso","isPartOf":{"@id":"https:\/\/immotecnics.com\/ca\/#website"},"primaryImageOfPage":{"@id":"https:\/\/immotecnics.com\/ca\/serveis-immobiliaris-primera-residencia\/#primaryimage"},"image":{"@id":"https:\/\/immotecnics.com\/ca\/serveis-immobiliaris-primera-residencia\/#primaryimage"},"thumbnailUrl":"https:\/\/immotecnics.com\/wp-content\/uploads\/2024\/11\/cas-exit-serveis-immobiliaris-primera-residencia-immotecnics.jpg","datePublished":"2024-11-08T07:57:25+00:00","dateModified":"2024-11-08T08:00:45+00:00","description":"Descobreix com Immot\u00e8cnics, a trav\u00e9s dels nostres serveis personalitzats, vam ajudar una fam\u00edlia a trobar la seva primera resid\u00e8ncia ideal.","breadcrumb":{"@id":"https:\/\/immotecnics.com\/ca\/serveis-immobiliaris-primera-residencia\/#breadcrumb"},"inLanguage":"ca","potentialAction":[{"@type":"ReadAction","target":["https:\/\/immotecnics.com\/ca\/serveis-immobiliaris-primera-residencia\/"]}]},{"@type":"ImageObject","inLanguage":"ca","@id":"https:\/\/immotecnics.com\/ca\/serveis-immobiliaris-primera-residencia\/#primaryimage","url":"https:\/\/immotecnics.com\/wp-content\/uploads\/2024\/11\/cas-exit-serveis-immobiliaris-primera-residencia-immotecnics.jpg","contentUrl":"https:\/\/immotecnics.com\/wp-content\/uploads\/2024\/11\/cas-exit-serveis-immobiliaris-primera-residencia-immotecnics.jpg","width":1200,"height":700,"caption":"Servicios inmobiliarios personalizados de Immot\u00e8cnics"},{"@type":"BreadcrumbList","@id":"https:\/\/immotecnics.com\/ca\/serveis-immobiliaris-primera-residencia\/#breadcrumb","itemListElement":[{"@type":"ListItem","position":1,"name":"Home","item":"https:\/\/immotecnics.com\/ca\/"},{"@type":"ListItem","position":2,"name":"Serveis immobiliaris personalitzats: De segona a primera resid\u00e8ncia somiada"}]},{"@type":"WebSite","@id":"https:\/\/immotecnics.com\/ca\/#website","url":"https:\/\/immotecnics.com\/ca\/","name":"Immot\u00e8cnics","description":"Immobiliaria Real State","publisher":{"@id":"https:\/\/immotecnics.com\/ca\/#organization"},"potentialAction":[{"@type":"SearchAction","target":{"@type":"EntryPoint","urlTemplate":"https:\/\/immotecnics.com\/ca\/?s={search_term_string}"},"query-input":{"@type":"PropertyValueSpecification","valueRequired":true,"valueName":"search_term_string"}}],"inLanguage":"ca"},{"@type":"Organization","@id":"https:\/\/immotecnics.com\/ca\/#organization","name":"Immot\u00e8cnics","url":"https:\/\/immotecnics.com\/ca\/","logo":{"@type":"ImageObject","inLanguage":"ca","@id":"https:\/\/immotecnics.com\/ca\/#\/schema\/logo\/image\/","url":"https:\/\/immotecnics.com\/wp-content\/uploads\/2023\/03\/cropped-favicon.png","contentUrl":"https:\/\/immotecnics.com\/wp-content\/uploads\/2023\/03\/cropped-favicon.png","width":512,"height":512,"caption":"Immot\u00e8cnics"},"image":{"@id":"https:\/\/immotecnics.com\/ca\/#\/schema\/logo\/image\/"},"sameAs":["https:\/\/www.facebook.com\/immotecnics\/","https:\/\/x.com\/Immotecnics","https:\/\/www.linkedin.com\/company\/immotecnics\/?originalSubdomain=es","https:\/\/www.instagram.com\/immotecnics\/","https:\/\/www.youtube.com\/channel\/UCuui4F1ETMrBhYS7BbGrhGg"]},{"@type":"Person","@id":"https:\/\/immotecnics.com\/ca\/#\/schema\/person\/b457c1079aa79a187f9cc25252745d82","name":"Immot\u00e8cnics","image":{"@type":"ImageObject","inLanguage":"ca","@id":"https:\/\/secure.gravatar.com\/avatar\/21f9aea914fdb43ed4bc37ad5523bcd1d06f3cc370fa38c2012f2dbb37e353ac?s=96&d=mm&r=g","url":"https:\/\/secure.gravatar.com\/avatar\/21f9aea914fdb43ed4bc37ad5523bcd1d06f3cc370fa38c2012f2dbb37e353ac?s=96&d=mm&r=g","contentUrl":"https:\/\/secure.gravatar.com\/avatar\/21f9aea914fdb43ed4bc37ad5523bcd1d06f3cc370fa38c2012f2dbb37e353ac?s=96&d=mm&r=g","caption":"Immot\u00e8cnics"},"url":"https:\/\/immotecnics.com\/ca\/author\/immotecnics\/"}]}},"_links":{"self":[{"href":"https:\/\/immotecnics.com\/ca\/wp-json\/wp\/v2\/posts\/6483","targetHints":{"allow":["GET"]}}],"collection":[{"href":"https:\/\/immotecnics.com\/ca\/wp-json\/wp\/v2\/posts"}],"about":[{"href":"https:\/\/immotecnics.com\/ca\/wp-json\/wp\/v2\/types\/post"}],"author":[{"embeddable":true,"href":"https:\/\/immotecnics.com\/ca\/wp-json\/wp\/v2\/users\/3"}],"replies":[{"embeddable":true,"href":"https:\/\/immotecnics.com\/ca\/wp-json\/wp\/v2\/comments?post=6483"}],"version-history":[{"count":1,"href":"https:\/\/immotecnics.com\/ca\/wp-json\/wp\/v2\/posts\/6483\/revisions"}],"predecessor-version":[{"id":6484,"href":"https:\/\/immotecnics.com\/ca\/wp-json\/wp\/v2\/posts\/6483\/revisions\/6484"}],"wp:featuredmedia":[{"embeddable":true,"href":"https:\/\/immotecnics.com\/ca\/wp-json\/wp\/v2\/media\/6480"}],"wp:attachment":[{"href":"https:\/\/immotecnics.com\/ca\/wp-json\/wp\/v2\/media?parent=6483"}],"wp:term":[{"taxonomy":"category","embeddable":true,"href":"https:\/\/immotecnics.com\/ca\/wp-json\/wp\/v2\/categories?post=6483"},{"taxonomy":"post_tag","embeddable":true,"href":"https:\/\/immotecnics.com\/ca\/wp-json\/wp\/v2\/tags?post=6483"}],"curies":[{"name":"wp","href":"https:\/\/api.w.org\/{rel}","templated":true}]}}