{"id":5473,"date":"2024-08-22T08:29:06","date_gmt":"2024-08-22T06:29:06","guid":{"rendered":"https:\/\/immotecnics.com\/?p=5473"},"modified":"2024-08-22T08:31:36","modified_gmt":"2024-08-22T06:31:36","slug":"augment-segones-residencies-costa-2024","status":"publish","type":"post","link":"https:\/\/immotecnics.com\/ca\/augment-segones-residencies-costa-2024\/","title":{"rendered":"Augmenta la demanda de les segones resid\u00e8ncies a les zones costaneres"},"content":{"rendered":"\n<div style=\"height:20px\" aria-hidden=\"true\" class=\"wp-block-spacer\"><\/div>\n\n\n\n<p>El mercat immobiliari costaner ha experimentat un creixement constant, especialment al segment de segones resid\u00e8ncies. Aquest fenomen es deu en part al <strong>canvi en les prefer\u00e8ncies dels compradors<\/strong>, que busquen espais de retir i desconnexi\u00f3. A m\u00e9s, factors com la millora de les infraestructures i la qualitat de vida en aquestes \u00e0rees han contribu\u00eft al seu atractiu.<\/p>\n\n\n\n<div style=\"height:35px\" aria-hidden=\"true\" class=\"wp-block-spacer\"><\/div>\n\n\n\n<h2 class=\"wp-block-heading\">Coneix el valor real del teu immoble<\/h2>\n\n\n\n<p>El 2024, el preu mitj\u00e0 de l'habitatge de vacances a la costa espanyola va assolir els 2.650 \u20ac\/m\u00b2, un increment del 3,9 % respecte a l'any anterior. Aquest creixement \u00e9s significatiu, encara que menor que el 5,7% observat al mercat de l'habitatge general en zones costaneres. Aquesta difer\u00e8ncia apunta a una <strong>creixent demanda de segones resid\u00e8ncies davant de les primeres resid\u00e8ncies<\/strong>.<\/p>\n\n\n\n<p>A Catalunya, l'<a href=\"https:\/\/www.tinsa.es\/corporativo\/sala-de-prensa\/notas-de-prensa\/vivienda-en-costa\/vivienda-en-costa-2024\/\">Informe de Tinsa<\/a> destaca que les \u00e0rees catalanes amb m\u00e9s increment de preus inclouen la <strong>Costa Brava<\/strong> i la <strong>Costa Daurada<\/strong>. Segons dades del 2024, el preu mitj\u00e0 de l'habitatge de vacances en aquestes \u00e0rees s'ha situat al voltant dels 2.400 \u20ac\/m\u00b2, amb increments destacats a localitats com Sitges, Lloret de Mar i Calella.<\/p>\n\n\n\n<p>A la Costa Brava, els preus dels habitatges de vacances han experimentat una apreciaci\u00f3 del 4% anual, <strong>impulsats per l'atractiu tur\u00edstic i la limitada oferta de propietats noves<\/strong>. A la Costa del Maresme, la proximitat a Barcelona ha mantingut els preus estables, amb un increment moderat del 3%. En contrast, la Costa Daurada ha vist un augment del 5% dels preus, afavorit per la seva \u00e0mplia oferta d'oci i platges d'alta qualitat.<\/p>\n\n\n\n<p>La demanda de segones resid\u00e8ncies a Catalunya es veu alimentada no sols per compradors locals, sin\u00f3 tamb\u00e9 per un <strong>nombre creixent de compradors internacionals<\/strong>, atrets per la bellesa de la costa i la rica oferta cultural de la regi\u00f3. A m\u00e9s, la qualitat de vida i la possibilitat de rendibilitzar les propietats a trav\u00e9s del lloguer de vacances s\u00f3n factors clau que continuen impulsant aquest mercat.<\/p>\n\n\n<div class=\"wp-block-image\">\n<figure class=\"aligncenter size-full\"><img loading=\"lazy\" decoding=\"async\" width=\"540\" height=\"262\" src=\"https:\/\/immotecnics.com\/wp-content\/uploads\/2024\/08\/Grafico-extraido-del-informe-\u2018Vivienda-en-Costa-2024-de-Tinsa-1.png\" alt=\"\" class=\"wp-image-5474\" srcset=\"https:\/\/immotecnics.com\/wp-content\/uploads\/2024\/08\/Grafico-extraido-del-informe-\u2018Vivienda-en-Costa-2024-de-Tinsa-1.png 540w, https:\/\/immotecnics.com\/wp-content\/uploads\/2024\/08\/Grafico-extraido-del-informe-\u2018Vivienda-en-Costa-2024-de-Tinsa-1-480x233.png 480w, https:\/\/immotecnics.com\/wp-content\/uploads\/2024\/08\/Grafico-extraido-del-informe-\u2018Vivienda-en-Costa-2024-de-Tinsa-1-380x184.png 380w\" sizes=\"auto, (max-width: 540px) 100vw, 540px\" \/><figcaption class=\"wp-element-caption\">Gr\u00e0fic extret de l'<a href=\"https:\/\/www.tinsa.es\/servicio-de-estudios\/otros-informes\/vivienda-en-costa-2024\/\">Informe \u2018Vivienda en Costa 2024\u2019<\/a> de Tinsa<\/figcaption><\/figure>\n<\/div>\n\n\n<div style=\"height:35px\" aria-hidden=\"true\" class=\"wp-block-spacer\"><\/div>\n\n\n\n<h2 class=\"wp-block-heading\">Inversi\u00f3 en segones resid\u00e8ncies<\/h2>\n\n\n\n<p>A Immot\u00e8cnics, <strong>comptem amb una selecci\u00f3 actualitzada d'immobles<\/strong> que s'adapten a tots els gustos i necessitats, des d'acollidors apartaments fins a luxoses viles.<\/p>\n\n\n\n<p>Visita la <a href=\"https:\/\/immotecnics.com\/ca\/propietats\/\"><strong>nostra secci\u00f3 de propietats<\/strong><\/a> i troba la teva pr\u00f2xima llar o inversi\u00f3 ideal. A Immot\u00e8cnics fem de la teva experi\u00e8ncia de compra una prioritat, brindant-te totes les eines i la informaci\u00f3 necess\u00e0ria per fer una elecci\u00f3 informada i segura.<br><\/p>\n\n\n\n<p><a href=\"https:\/\/immotecnics.com\/ca\/contacte\/\">Contacta amb nosaltres<\/a><\/p>\n\n\n\n<p><\/p>\n\n\n\n<p><\/p>\n\n\n\n<p><\/p>\n","protected":false},"excerpt":{"rendered":"<p>Augmenta la demanda de les segones resid\u00e8ncies a les zones costaneres.<\/p>\n","protected":false},"author":3,"featured_media":5462,"comment_status":"open","ping_status":"open","sticky":false,"template":"","format":"standard","meta":{"_acf_changed":false,"footnotes":""},"categories":[42],"tags":[],"class_list":["post-5473","post","type-post","status-publish","format-standard","has-post-thumbnail","hentry","category-sin-categorizar-ca"],"acf":[],"yoast_head":"<!-- This site is optimized with the Yoast SEO plugin v27.2 - https:\/\/yoast.com\/product\/yoast-seo-wordpress\/ -->\n<title>Augmenta la demanda de les segones resid\u00e8ncies a les zones costaneres - Immot\u00e8cnics<\/title>\n<meta name=\"robots\" content=\"index, follow, max-snippet:-1, max-image-preview:large, max-video-preview:-1\" \/>\n<link rel=\"canonical\" href=\"https:\/\/immotecnics.com\/ca\/augment-segones-residencies-costa-2024\/\" \/>\n<meta property=\"og:locale\" content=\"ca_ES\" \/>\n<meta property=\"og:type\" content=\"article\" \/>\n<meta property=\"og:title\" content=\"Augmenta la demanda de les segones resid\u00e8ncies a les zones costaneres - Immot\u00e8cnics\" \/>\n<meta property=\"og:description\" content=\"Augmenta la demanda de les segones resid\u00e8ncies a les zones costaneres.\" \/>\n<meta property=\"og:url\" content=\"https:\/\/immotecnics.com\/ca\/augment-segones-residencies-costa-2024\/\" \/>\n<meta property=\"og:site_name\" content=\"Immot\u00e8cnics\" \/>\n<meta property=\"article:publisher\" content=\"https:\/\/www.facebook.com\/immotecnics\/\" \/>\n<meta property=\"article:published_time\" content=\"2024-08-22T06:29:06+00:00\" \/>\n<meta property=\"article:modified_time\" content=\"2024-08-22T06:31:36+00:00\" \/>\n<meta property=\"og:image\" content=\"https:\/\/immotecnics.com\/wp-content\/uploads\/2024\/08\/NWS-2a-residencia-agost.jpg\" \/>\n\t<meta property=\"og:image:width\" content=\"1200\" \/>\n\t<meta property=\"og:image:height\" content=\"700\" \/>\n\t<meta property=\"og:image:type\" content=\"image\/jpeg\" \/>\n<meta name=\"author\" content=\"Immot\u00e8cnics\" \/>\n<meta name=\"twitter:card\" content=\"summary_large_image\" \/>\n<meta name=\"twitter:creator\" content=\"@Immotecnics\" \/>\n<meta name=\"twitter:site\" content=\"@Immotecnics\" \/>\n<meta name=\"twitter:label1\" content=\"Escrit per\" \/>\n\t<meta name=\"twitter:data1\" content=\"Immot\u00e8cnics\" \/>\n\t<meta name=\"twitter:label2\" content=\"Temps estimat de lectura\" \/>\n\t<meta name=\"twitter:data2\" content=\"2 minuts\" \/>\n<script type=\"application\/ld+json\" class=\"yoast-schema-graph\">{\"@context\":\"https:\/\/schema.org\",\"@graph\":[{\"@type\":\"Article\",\"@id\":\"https:\/\/immotecnics.com\/ca\/augment-segones-residencies-costa-2024\/#article\",\"isPartOf\":{\"@id\":\"https:\/\/immotecnics.com\/ca\/augment-segones-residencies-costa-2024\/\"},\"author\":{\"name\":\"Immot\u00e8cnics\",\"@id\":\"https:\/\/immotecnics.com\/ca\/#\/schema\/person\/b457c1079aa79a187f9cc25252745d82\"},\"headline\":\"Augmenta la demanda de les segones resid\u00e8ncies a les zones costaneres\",\"datePublished\":\"2024-08-22T06:29:06+00:00\",\"dateModified\":\"2024-08-22T06:31:36+00:00\",\"mainEntityOfPage\":{\"@id\":\"https:\/\/immotecnics.com\/ca\/augment-segones-residencies-costa-2024\/\"},\"wordCount\":434,\"commentCount\":0,\"publisher\":{\"@id\":\"https:\/\/immotecnics.com\/ca\/#organization\"},\"image\":{\"@id\":\"https:\/\/immotecnics.com\/ca\/augment-segones-residencies-costa-2024\/#primaryimage\"},\"thumbnailUrl\":\"https:\/\/immotecnics.com\/wp-content\/uploads\/2024\/08\/NWS-2a-residencia-agost.jpg\",\"articleSection\":[\"Sin categorizar\"],\"inLanguage\":\"ca\",\"potentialAction\":[{\"@type\":\"CommentAction\",\"name\":\"Comment\",\"target\":[\"https:\/\/immotecnics.com\/ca\/augment-segones-residencies-costa-2024\/#respond\"]}]},{\"@type\":\"WebPage\",\"@id\":\"https:\/\/immotecnics.com\/ca\/augment-segones-residencies-costa-2024\/\",\"url\":\"https:\/\/immotecnics.com\/ca\/augment-segones-residencies-costa-2024\/\",\"name\":\"Augmenta la demanda de les segones resid\u00e8ncies a les zones costaneres - Immot\u00e8cnics\",\"isPartOf\":{\"@id\":\"https:\/\/immotecnics.com\/ca\/#website\"},\"primaryImageOfPage\":{\"@id\":\"https:\/\/immotecnics.com\/ca\/augment-segones-residencies-costa-2024\/#primaryimage\"},\"image\":{\"@id\":\"https:\/\/immotecnics.com\/ca\/augment-segones-residencies-costa-2024\/#primaryimage\"},\"thumbnailUrl\":\"https:\/\/immotecnics.com\/wp-content\/uploads\/2024\/08\/NWS-2a-residencia-agost.jpg\",\"datePublished\":\"2024-08-22T06:29:06+00:00\",\"dateModified\":\"2024-08-22T06:31:36+00:00\",\"breadcrumb\":{\"@id\":\"https:\/\/immotecnics.com\/ca\/augment-segones-residencies-costa-2024\/#breadcrumb\"},\"inLanguage\":\"ca\",\"potentialAction\":[{\"@type\":\"ReadAction\",\"target\":[\"https:\/\/immotecnics.com\/ca\/augment-segones-residencies-costa-2024\/\"]}]},{\"@type\":\"ImageObject\",\"inLanguage\":\"ca\",\"@id\":\"https:\/\/immotecnics.com\/ca\/augment-segones-residencies-costa-2024\/#primaryimage\",\"url\":\"https:\/\/immotecnics.com\/wp-content\/uploads\/2024\/08\/NWS-2a-residencia-agost.jpg\",\"contentUrl\":\"https:\/\/immotecnics.com\/wp-content\/uploads\/2024\/08\/NWS-2a-residencia-agost.jpg\",\"width\":1200,\"height\":700,\"caption\":\"Comprar segones resid\u00e8ncies a Catalunya\"},{\"@type\":\"BreadcrumbList\",\"@id\":\"https:\/\/immotecnics.com\/ca\/augment-segones-residencies-costa-2024\/#breadcrumb\",\"itemListElement\":[{\"@type\":\"ListItem\",\"position\":1,\"name\":\"Home\",\"item\":\"https:\/\/immotecnics.com\/ca\/\"},{\"@type\":\"ListItem\",\"position\":2,\"name\":\"Augmenta la demanda de les segones resid\u00e8ncies a les zones costaneres\"}]},{\"@type\":\"WebSite\",\"@id\":\"https:\/\/immotecnics.com\/ca\/#website\",\"url\":\"https:\/\/immotecnics.com\/ca\/\",\"name\":\"Immot\u00e8cnics\",\"description\":\"Immobiliaria Real State\",\"publisher\":{\"@id\":\"https:\/\/immotecnics.com\/ca\/#organization\"},\"potentialAction\":[{\"@type\":\"SearchAction\",\"target\":{\"@type\":\"EntryPoint\",\"urlTemplate\":\"https:\/\/immotecnics.com\/ca\/?s={search_term_string}\"},\"query-input\":{\"@type\":\"PropertyValueSpecification\",\"valueRequired\":true,\"valueName\":\"search_term_string\"}}],\"inLanguage\":\"ca\"},{\"@type\":\"Organization\",\"@id\":\"https:\/\/immotecnics.com\/ca\/#organization\",\"name\":\"Immot\u00e8cnics\",\"url\":\"https:\/\/immotecnics.com\/ca\/\",\"logo\":{\"@type\":\"ImageObject\",\"inLanguage\":\"ca\",\"@id\":\"https:\/\/immotecnics.com\/ca\/#\/schema\/logo\/image\/\",\"url\":\"https:\/\/immotecnics.com\/wp-content\/uploads\/2023\/03\/cropped-favicon.png\",\"contentUrl\":\"https:\/\/immotecnics.com\/wp-content\/uploads\/2023\/03\/cropped-favicon.png\",\"width\":512,\"height\":512,\"caption\":\"Immot\u00e8cnics\"},\"image\":{\"@id\":\"https:\/\/immotecnics.com\/ca\/#\/schema\/logo\/image\/\"},\"sameAs\":[\"https:\/\/www.facebook.com\/immotecnics\/\",\"https:\/\/x.com\/Immotecnics\",\"https:\/\/www.linkedin.com\/company\/immotecnics\/?originalSubdomain=es\",\"https:\/\/www.instagram.com\/immotecnics\/\",\"https:\/\/www.youtube.com\/channel\/UCuui4F1ETMrBhYS7BbGrhGg\"]},{\"@type\":\"Person\",\"@id\":\"https:\/\/immotecnics.com\/ca\/#\/schema\/person\/b457c1079aa79a187f9cc25252745d82\",\"name\":\"Immot\u00e8cnics\",\"image\":{\"@type\":\"ImageObject\",\"inLanguage\":\"ca\",\"@id\":\"https:\/\/secure.gravatar.com\/avatar\/21f9aea914fdb43ed4bc37ad5523bcd1d06f3cc370fa38c2012f2dbb37e353ac?s=96&d=mm&r=g\",\"url\":\"https:\/\/secure.gravatar.com\/avatar\/21f9aea914fdb43ed4bc37ad5523bcd1d06f3cc370fa38c2012f2dbb37e353ac?s=96&d=mm&r=g\",\"contentUrl\":\"https:\/\/secure.gravatar.com\/avatar\/21f9aea914fdb43ed4bc37ad5523bcd1d06f3cc370fa38c2012f2dbb37e353ac?s=96&d=mm&r=g\",\"caption\":\"Immot\u00e8cnics\"},\"url\":\"https:\/\/immotecnics.com\/ca\/author\/immotecnics\/\"}]}<\/script>\n<!-- \/ Yoast SEO plugin. -->","yoast_head_json":{"title":"Augmenta la demanda de les segones resid\u00e8ncies a les zones costaneres - Immot\u00e8cnics","robots":{"index":"index","follow":"follow","max-snippet":"max-snippet:-1","max-image-preview":"max-image-preview:large","max-video-preview":"max-video-preview:-1"},"canonical":"https:\/\/immotecnics.com\/ca\/augment-segones-residencies-costa-2024\/","og_locale":"ca_ES","og_type":"article","og_title":"Augmenta la demanda de les segones resid\u00e8ncies a les zones costaneres - Immot\u00e8cnics","og_description":"Augmenta la demanda de les segones resid\u00e8ncies a les zones costaneres.","og_url":"https:\/\/immotecnics.com\/ca\/augment-segones-residencies-costa-2024\/","og_site_name":"Immot\u00e8cnics","article_publisher":"https:\/\/www.facebook.com\/immotecnics\/","article_published_time":"2024-08-22T06:29:06+00:00","article_modified_time":"2024-08-22T06:31:36+00:00","og_image":[{"width":1200,"height":700,"url":"https:\/\/immotecnics.com\/wp-content\/uploads\/2024\/08\/NWS-2a-residencia-agost.jpg","type":"image\/jpeg"}],"author":"Immot\u00e8cnics","twitter_card":"summary_large_image","twitter_creator":"@Immotecnics","twitter_site":"@Immotecnics","twitter_misc":{"Escrit per":"Immot\u00e8cnics","Temps estimat de lectura":"2 minuts"},"schema":{"@context":"https:\/\/schema.org","@graph":[{"@type":"Article","@id":"https:\/\/immotecnics.com\/ca\/augment-segones-residencies-costa-2024\/#article","isPartOf":{"@id":"https:\/\/immotecnics.com\/ca\/augment-segones-residencies-costa-2024\/"},"author":{"name":"Immot\u00e8cnics","@id":"https:\/\/immotecnics.com\/ca\/#\/schema\/person\/b457c1079aa79a187f9cc25252745d82"},"headline":"Augmenta la demanda de les segones resid\u00e8ncies a les zones costaneres","datePublished":"2024-08-22T06:29:06+00:00","dateModified":"2024-08-22T06:31:36+00:00","mainEntityOfPage":{"@id":"https:\/\/immotecnics.com\/ca\/augment-segones-residencies-costa-2024\/"},"wordCount":434,"commentCount":0,"publisher":{"@id":"https:\/\/immotecnics.com\/ca\/#organization"},"image":{"@id":"https:\/\/immotecnics.com\/ca\/augment-segones-residencies-costa-2024\/#primaryimage"},"thumbnailUrl":"https:\/\/immotecnics.com\/wp-content\/uploads\/2024\/08\/NWS-2a-residencia-agost.jpg","articleSection":["Sin categorizar"],"inLanguage":"ca","potentialAction":[{"@type":"CommentAction","name":"Comment","target":["https:\/\/immotecnics.com\/ca\/augment-segones-residencies-costa-2024\/#respond"]}]},{"@type":"WebPage","@id":"https:\/\/immotecnics.com\/ca\/augment-segones-residencies-costa-2024\/","url":"https:\/\/immotecnics.com\/ca\/augment-segones-residencies-costa-2024\/","name":"Augmenta la demanda de les segones resid\u00e8ncies a les zones costaneres - Immot\u00e8cnics","isPartOf":{"@id":"https:\/\/immotecnics.com\/ca\/#website"},"primaryImageOfPage":{"@id":"https:\/\/immotecnics.com\/ca\/augment-segones-residencies-costa-2024\/#primaryimage"},"image":{"@id":"https:\/\/immotecnics.com\/ca\/augment-segones-residencies-costa-2024\/#primaryimage"},"thumbnailUrl":"https:\/\/immotecnics.com\/wp-content\/uploads\/2024\/08\/NWS-2a-residencia-agost.jpg","datePublished":"2024-08-22T06:29:06+00:00","dateModified":"2024-08-22T06:31:36+00:00","breadcrumb":{"@id":"https:\/\/immotecnics.com\/ca\/augment-segones-residencies-costa-2024\/#breadcrumb"},"inLanguage":"ca","potentialAction":[{"@type":"ReadAction","target":["https:\/\/immotecnics.com\/ca\/augment-segones-residencies-costa-2024\/"]}]},{"@type":"ImageObject","inLanguage":"ca","@id":"https:\/\/immotecnics.com\/ca\/augment-segones-residencies-costa-2024\/#primaryimage","url":"https:\/\/immotecnics.com\/wp-content\/uploads\/2024\/08\/NWS-2a-residencia-agost.jpg","contentUrl":"https:\/\/immotecnics.com\/wp-content\/uploads\/2024\/08\/NWS-2a-residencia-agost.jpg","width":1200,"height":700,"caption":"Comprar segones resid\u00e8ncies a Catalunya"},{"@type":"BreadcrumbList","@id":"https:\/\/immotecnics.com\/ca\/augment-segones-residencies-costa-2024\/#breadcrumb","itemListElement":[{"@type":"ListItem","position":1,"name":"Home","item":"https:\/\/immotecnics.com\/ca\/"},{"@type":"ListItem","position":2,"name":"Augmenta la demanda de les segones resid\u00e8ncies a les zones costaneres"}]},{"@type":"WebSite","@id":"https:\/\/immotecnics.com\/ca\/#website","url":"https:\/\/immotecnics.com\/ca\/","name":"Immot\u00e8cnics","description":"Immobiliaria Real State","publisher":{"@id":"https:\/\/immotecnics.com\/ca\/#organization"},"potentialAction":[{"@type":"SearchAction","target":{"@type":"EntryPoint","urlTemplate":"https:\/\/immotecnics.com\/ca\/?s={search_term_string}"},"query-input":{"@type":"PropertyValueSpecification","valueRequired":true,"valueName":"search_term_string"}}],"inLanguage":"ca"},{"@type":"Organization","@id":"https:\/\/immotecnics.com\/ca\/#organization","name":"Immot\u00e8cnics","url":"https:\/\/immotecnics.com\/ca\/","logo":{"@type":"ImageObject","inLanguage":"ca","@id":"https:\/\/immotecnics.com\/ca\/#\/schema\/logo\/image\/","url":"https:\/\/immotecnics.com\/wp-content\/uploads\/2023\/03\/cropped-favicon.png","contentUrl":"https:\/\/immotecnics.com\/wp-content\/uploads\/2023\/03\/cropped-favicon.png","width":512,"height":512,"caption":"Immot\u00e8cnics"},"image":{"@id":"https:\/\/immotecnics.com\/ca\/#\/schema\/logo\/image\/"},"sameAs":["https:\/\/www.facebook.com\/immotecnics\/","https:\/\/x.com\/Immotecnics","https:\/\/www.linkedin.com\/company\/immotecnics\/?originalSubdomain=es","https:\/\/www.instagram.com\/immotecnics\/","https:\/\/www.youtube.com\/channel\/UCuui4F1ETMrBhYS7BbGrhGg"]},{"@type":"Person","@id":"https:\/\/immotecnics.com\/ca\/#\/schema\/person\/b457c1079aa79a187f9cc25252745d82","name":"Immot\u00e8cnics","image":{"@type":"ImageObject","inLanguage":"ca","@id":"https:\/\/secure.gravatar.com\/avatar\/21f9aea914fdb43ed4bc37ad5523bcd1d06f3cc370fa38c2012f2dbb37e353ac?s=96&d=mm&r=g","url":"https:\/\/secure.gravatar.com\/avatar\/21f9aea914fdb43ed4bc37ad5523bcd1d06f3cc370fa38c2012f2dbb37e353ac?s=96&d=mm&r=g","contentUrl":"https:\/\/secure.gravatar.com\/avatar\/21f9aea914fdb43ed4bc37ad5523bcd1d06f3cc370fa38c2012f2dbb37e353ac?s=96&d=mm&r=g","caption":"Immot\u00e8cnics"},"url":"https:\/\/immotecnics.com\/ca\/author\/immotecnics\/"}]}},"_links":{"self":[{"href":"https:\/\/immotecnics.com\/ca\/wp-json\/wp\/v2\/posts\/5473","targetHints":{"allow":["GET"]}}],"collection":[{"href":"https:\/\/immotecnics.com\/ca\/wp-json\/wp\/v2\/posts"}],"about":[{"href":"https:\/\/immotecnics.com\/ca\/wp-json\/wp\/v2\/types\/post"}],"author":[{"embeddable":true,"href":"https:\/\/immotecnics.com\/ca\/wp-json\/wp\/v2\/users\/3"}],"replies":[{"embeddable":true,"href":"https:\/\/immotecnics.com\/ca\/wp-json\/wp\/v2\/comments?post=5473"}],"version-history":[{"count":3,"href":"https:\/\/immotecnics.com\/ca\/wp-json\/wp\/v2\/posts\/5473\/revisions"}],"predecessor-version":[{"id":5548,"href":"https:\/\/immotecnics.com\/ca\/wp-json\/wp\/v2\/posts\/5473\/revisions\/5548"}],"wp:featuredmedia":[{"embeddable":true,"href":"https:\/\/immotecnics.com\/ca\/wp-json\/wp\/v2\/media\/5462"}],"wp:attachment":[{"href":"https:\/\/immotecnics.com\/ca\/wp-json\/wp\/v2\/media?parent=5473"}],"wp:term":[{"taxonomy":"category","embeddable":true,"href":"https:\/\/immotecnics.com\/ca\/wp-json\/wp\/v2\/categories?post=5473"},{"taxonomy":"post_tag","embeddable":true,"href":"https:\/\/immotecnics.com\/ca\/wp-json\/wp\/v2\/tags?post=5473"}],"curies":[{"name":"wp","href":"https:\/\/api.w.org\/{rel}","templated":true}]}}