{"id":2336,"date":"2023-10-27T10:40:22","date_gmt":"2023-10-27T08:40:22","guid":{"rendered":"https:\/\/immotecnics.com\/comparativa-alquiler-vs-compra-de-vivienda\/"},"modified":"2023-10-27T10:52:10","modified_gmt":"2023-10-27T08:52:10","slug":"comparativa-lloguer-vs-compra-habitatge","status":"publish","type":"post","link":"https:\/\/immotecnics.com\/ca\/comparativa-lloguer-vs-compra-habitatge\/","title":{"rendered":"Comparativa: Lloguer vs Compra d'Habitatge"},"content":{"rendered":"\n<p>Et trobes en la situaci\u00f3 de decidir si llogar o comprar un habitatge? No est\u00e0s sol. \u00c9s una de les decisions financeres m\u00e9s importants que moltes persones enfronten. Aqu\u00ed, t'oferim una comparativa detallada per a ajudar-te a prendre una decisi\u00f3 informada.<\/p>\n\n\n\n<h2 class=\"wp-block-heading\">Pros i Contres<\/h2>\n\n\n\n<div style=\"height:20px\" aria-hidden=\"true\" class=\"wp-block-spacer\"><\/div>\n\n\n\n<h3 class=\"wp-block-heading\">Lloguer<\/h3>\n\n\n\n<div style=\"height:20px\" aria-hidden=\"true\" class=\"wp-block-spacer\"><\/div>\n\n\n\n<h5 class=\"wp-block-heading\">Pros<\/h5>\n\n\n\n<ul class=\"wp-block-list\">\n<li><strong>Flexibilitat:<\/strong> Facilitat per a mudar-se i adaptar-se a canvis de vida o treball.<\/li>\n\n\n\n<li><strong>Menor responsabilitat:<\/strong> El propietari s'encarrega de les reparacions i el manteniment.<\/li>\n\n\n\n<li><strong>Sense compromisos a llarg termini:<\/strong> Ideal si no est\u00e0s segur de quedar-te en una zona determinada.<\/li>\n<\/ul>\n\n\n\n<h5 class=\"wp-block-heading\">Contres<\/h5>\n\n\n\n<ul class=\"wp-block-list\">\n<li><strong>Sense retorn d'inversi\u00f3:<\/strong> Pagues un lloguer mensual sense acumular patrimoni.<\/li>\n\n\n\n<li><strong>Menys control:<\/strong> No pots fer modificacions sense perm\u00eds del propietari.<\/li>\n\n\n\n<li><strong>Increment de renda:<\/strong> Els preus del lloguer poden pujar any rere any.<\/li>\n<\/ul>\n\n\n\n<h3 class=\"wp-block-heading\">Compra<\/h3>\n\n\n\n<div style=\"height:20px\" aria-hidden=\"true\" class=\"wp-block-spacer\"><\/div>\n\n\n\n<h5 class=\"wp-block-heading\">Pros<\/h5>\n\n\n\n<ul class=\"wp-block-list\">\n<li><strong>Construcci\u00f3 de patrimoni:<\/strong> Amb cada quota, et converteixes en propietari d'una part de la teva llar.<\/li>\n\n\n\n<li><strong>Control total:<\/strong> Pots personalitzar i millorar el teu habitatge al teu gust.<\/li>\n\n\n\n<li><strong>Estabilitat:<\/strong> La teva quota mensual no pujar\u00e0 si tens una hipoteca fixa.<\/li>\n<\/ul>\n\n\n\n<h5 class=\"wp-block-heading\">Contres<\/h5>\n\n\n\n<ul class=\"wp-block-list\">\n<li><strong>Gran inversi\u00f3 inicial:<\/strong> Necessites un bon estalvi per al pagament inicial.<\/li>\n\n\n\n<li><strong>Responsabilitat:<\/strong> Totes les reparacions i manteniments recauen en tu.<\/li>\n\n\n\n<li><strong>Menys flexibilitat:<\/strong> Vendre i mudar-se pot prendre temps i diners.<\/li>\n<\/ul>\n\n\n\n<h2 class=\"wp-block-heading\">Quins factors has de considerar?<\/h2>\n\n\n\n<ul class=\"wp-block-list\">\n<li><strong>Situaci\u00f3 financera:<\/strong> Abans de decidir, revisa la teva estabilitat laboral, els teus estalvis i la teva capacitat d'endeutament.<\/li>\n\n\n\n<li><strong>Plans de futur:<\/strong> Planeges quedar-te en una ciutat o pa\u00eds per molt de temps? La teva decisi\u00f3 podria dependre d'aix\u00f2.<\/li>\n\n\n\n<li><strong>Mercat immobiliari:<\/strong> Investiga com est\u00e0 el mercat. En algunes ciutats, pot ser m\u00e9s rendible comprar, mentre que en unes altres, llogar \u00e9s la millor opci\u00f3.<\/li>\n<\/ul>\n\n\n\n<h2 class=\"wp-block-heading\">\u00c9s millor comprar o llogar una casa?<\/h2>\n\n\n\n<p>La decisi\u00f3 de comprar o llogar un habitatge \u00e9s profundament personal i dep\u00e8n de m\u00faltiples factors. Aqu\u00ed presentem alguns aspectes clau que has de considerar per a prendre una decisi\u00f3 informada:<\/p>\n\n\n\n<ul class=\"wp-block-list\">\n<li><strong>Durada de l'estada:<\/strong> Si planeges viure en un lloc durant molts anys, comprar podria ser una millor opci\u00f3 ja que la inversi\u00f3 pot oferir un retorn a llarg termini. D'altra banda, si preveus mudar-te en pocs anys, el lloguer podria oferir-te major flexibilitat.<\/li>\n\n\n\n<li><strong>Inversi\u00f3 i retorn financer:<\/strong> Quan <a href=\"https:\/\/immotecnics.com\/ca\/proces-de-compra-habitatge\/\">compres un habitatge<\/a>, part del teu pagament mensual va cap al principal del teu pr\u00e9stec, la qual cosa t'ajuda a construir equitat en la propietat. Llogar no t'ofereix aquest benefici, per\u00f2 tamb\u00e9 t'allibera dels costos i responsabilitats de la propietat.<\/li>\n\n\n\n<li><strong>Flexibilitat vs Estabilitat:<\/strong> El lloguer proporciona m\u00e9s flexibilitat, especialment si et trobes en una etapa de la vida on \u00e9s possible que necessitis mudar-te a causa d'oportunitats laborals o canvis personals. Comprar, en canvi, brinda una sensaci\u00f3 d'estabilitat i pertinen\u00e7a.<\/li>\n\n\n\n<li><strong>Costos ocults:<\/strong> Ser propietari implica m\u00e9s que nom\u00e9s pagar una hipoteca. Hi ha impostos, assegurances, manteniment, possibles reparacions i diferents despeses. Mentre que en llogar, alguns d'aquests costos estan inclosos en el lloguer o s\u00f3n responsabilitat del propietari.<\/li>\n<\/ul>\n\n\n\n<h2 class=\"wp-block-heading\">Conclusi\u00f3<\/h2>\n\n\n\n<p>Decidir entre llogar o comprar no \u00e9s senzill. Cada opci\u00f3 t\u00e9 els seus avantatges i desavantatges. El m\u00e9s important \u00e9s que facis una elecci\u00f3 basada en la teva situaci\u00f3 actual i futura. Si decideixes comprar, recorda la import\u00e0ncia de comptar amb experts en el proc\u00e9s. Descobreix les raons en el nostre article sobre <a href=\"https:\/\/immotecnics.com\/ca\/per-que-contractar-una-immobiliaria\/\">Per qu\u00e8 contractar una immobili\u00e0ria<\/a>. \u00c9s essencial que t'envoltis de professionals per a prendre la millor decisi\u00f3.<\/p>\n","protected":false},"excerpt":{"rendered":"<p>Et trobes en la situaci\u00f3 de decidir si llogar o comprar un habitatge? No est\u00e0s sol. \u00c9s una de les decisions financeres m\u00e9s importants que moltes persones enfronten. Aqu\u00ed, t'oferim una comparativa detallada per a ajudar-te a prendre una decisi\u00f3 informada. Pros i Contres Lloguer Pros Contres Compra Pros Contres Quins factors has de considerar? [&hellip;]<\/p>\n","protected":false},"author":2,"featured_media":2332,"comment_status":"open","ping_status":"open","sticky":false,"template":"","format":"standard","meta":{"_acf_changed":false,"footnotes":""},"categories":[42],"tags":[],"class_list":["post-2336","post","type-post","status-publish","format-standard","has-post-thumbnail","hentry","category-sin-categorizar-ca"],"acf":[],"yoast_head":"<!-- This site is optimized with the Yoast SEO plugin v27.2 - https:\/\/yoast.com\/product\/yoast-seo-wordpress\/ -->\n<title>Comparativa: Lloguer vs Compra d&#039;Habitatge - Immot\u00e8cnics<\/title>\n<meta name=\"robots\" content=\"index, follow, max-snippet:-1, max-image-preview:large, max-video-preview:-1\" \/>\n<link rel=\"canonical\" href=\"https:\/\/immotecnics.com\/ca\/comparativa-lloguer-vs-compra-habitatge\/\" \/>\n<meta property=\"og:locale\" content=\"ca_ES\" \/>\n<meta property=\"og:type\" content=\"article\" \/>\n<meta property=\"og:title\" content=\"Comparativa: Lloguer vs Compra d&#039;Habitatge - Immot\u00e8cnics\" \/>\n<meta property=\"og:description\" content=\"Et trobes en la situaci\u00f3 de decidir si llogar o comprar un habitatge? No est\u00e0s sol. \u00c9s una de les decisions financeres m\u00e9s importants que moltes persones enfronten. Aqu\u00ed, t&#039;oferim una comparativa detallada per a ajudar-te a prendre una decisi\u00f3 informada. Pros i Contres Lloguer Pros Contres Compra Pros Contres Quins factors has de considerar? [&hellip;]\" \/>\n<meta property=\"og:url\" content=\"https:\/\/immotecnics.com\/ca\/comparativa-lloguer-vs-compra-habitatge\/\" \/>\n<meta property=\"og:site_name\" content=\"Immot\u00e8cnics\" \/>\n<meta property=\"article:publisher\" content=\"https:\/\/www.facebook.com\/immotecnics\/\" \/>\n<meta property=\"article:published_time\" content=\"2023-10-27T08:40:22+00:00\" \/>\n<meta property=\"article:modified_time\" content=\"2023-10-27T08:52:10+00:00\" \/>\n<meta property=\"og:image\" content=\"https:\/\/immotecnics.com\/wp-content\/uploads\/2023\/10\/alquiler-compra-vivienda.jpg\" \/>\n\t<meta property=\"og:image:width\" content=\"1200\" \/>\n\t<meta property=\"og:image:height\" content=\"700\" \/>\n\t<meta property=\"og:image:type\" content=\"image\/jpeg\" \/>\n<meta name=\"author\" content=\"Jordi Yetor\" \/>\n<meta name=\"twitter:card\" content=\"summary_large_image\" \/>\n<meta name=\"twitter:creator\" content=\"@Immotecnics\" \/>\n<meta name=\"twitter:site\" content=\"@Immotecnics\" \/>\n<meta name=\"twitter:label1\" content=\"Escrit per\" \/>\n\t<meta name=\"twitter:data1\" content=\"Jordi Yetor\" \/>\n\t<meta name=\"twitter:label2\" content=\"Temps estimat de lectura\" \/>\n\t<meta name=\"twitter:data2\" content=\"3 minuts\" \/>\n<script type=\"application\/ld+json\" class=\"yoast-schema-graph\">{\"@context\":\"https:\/\/schema.org\",\"@graph\":[{\"@type\":\"Article\",\"@id\":\"https:\/\/immotecnics.com\/ca\/comparativa-lloguer-vs-compra-habitatge\/#article\",\"isPartOf\":{\"@id\":\"https:\/\/immotecnics.com\/ca\/comparativa-lloguer-vs-compra-habitatge\/\"},\"author\":{\"name\":\"Jordi Yetor\",\"@id\":\"https:\/\/immotecnics.com\/ca\/#\/schema\/person\/a695164696e6998e5c6c8a5eef71ff68\"},\"headline\":\"Comparativa: Lloguer vs Compra d'Habitatge\",\"datePublished\":\"2023-10-27T08:40:22+00:00\",\"dateModified\":\"2023-10-27T08:52:10+00:00\",\"mainEntityOfPage\":{\"@id\":\"https:\/\/immotecnics.com\/ca\/comparativa-lloguer-vs-compra-habitatge\/\"},\"wordCount\":574,\"commentCount\":0,\"publisher\":{\"@id\":\"https:\/\/immotecnics.com\/ca\/#organization\"},\"image\":{\"@id\":\"https:\/\/immotecnics.com\/ca\/comparativa-lloguer-vs-compra-habitatge\/#primaryimage\"},\"thumbnailUrl\":\"https:\/\/immotecnics.com\/wp-content\/uploads\/2023\/10\/alquiler-compra-vivienda.jpg\",\"articleSection\":[\"Sin categorizar\"],\"inLanguage\":\"ca\",\"potentialAction\":[{\"@type\":\"CommentAction\",\"name\":\"Comment\",\"target\":[\"https:\/\/immotecnics.com\/ca\/comparativa-lloguer-vs-compra-habitatge\/#respond\"]}]},{\"@type\":\"WebPage\",\"@id\":\"https:\/\/immotecnics.com\/ca\/comparativa-lloguer-vs-compra-habitatge\/\",\"url\":\"https:\/\/immotecnics.com\/ca\/comparativa-lloguer-vs-compra-habitatge\/\",\"name\":\"Comparativa: Lloguer vs Compra d'Habitatge - Immot\u00e8cnics\",\"isPartOf\":{\"@id\":\"https:\/\/immotecnics.com\/ca\/#website\"},\"primaryImageOfPage\":{\"@id\":\"https:\/\/immotecnics.com\/ca\/comparativa-lloguer-vs-compra-habitatge\/#primaryimage\"},\"image\":{\"@id\":\"https:\/\/immotecnics.com\/ca\/comparativa-lloguer-vs-compra-habitatge\/#primaryimage\"},\"thumbnailUrl\":\"https:\/\/immotecnics.com\/wp-content\/uploads\/2023\/10\/alquiler-compra-vivienda.jpg\",\"datePublished\":\"2023-10-27T08:40:22+00:00\",\"dateModified\":\"2023-10-27T08:52:10+00:00\",\"breadcrumb\":{\"@id\":\"https:\/\/immotecnics.com\/ca\/comparativa-lloguer-vs-compra-habitatge\/#breadcrumb\"},\"inLanguage\":\"ca\",\"potentialAction\":[{\"@type\":\"ReadAction\",\"target\":[\"https:\/\/immotecnics.com\/ca\/comparativa-lloguer-vs-compra-habitatge\/\"]}]},{\"@type\":\"ImageObject\",\"inLanguage\":\"ca\",\"@id\":\"https:\/\/immotecnics.com\/ca\/comparativa-lloguer-vs-compra-habitatge\/#primaryimage\",\"url\":\"https:\/\/immotecnics.com\/wp-content\/uploads\/2023\/10\/alquiler-compra-vivienda.jpg\",\"contentUrl\":\"https:\/\/immotecnics.com\/wp-content\/uploads\/2023\/10\/alquiler-compra-vivienda.jpg\",\"width\":1200,\"height\":700},{\"@type\":\"BreadcrumbList\",\"@id\":\"https:\/\/immotecnics.com\/ca\/comparativa-lloguer-vs-compra-habitatge\/#breadcrumb\",\"itemListElement\":[{\"@type\":\"ListItem\",\"position\":1,\"name\":\"Home\",\"item\":\"https:\/\/immotecnics.com\/ca\/\"},{\"@type\":\"ListItem\",\"position\":2,\"name\":\"Comparativa: Lloguer vs Compra d'Habitatge\"}]},{\"@type\":\"WebSite\",\"@id\":\"https:\/\/immotecnics.com\/ca\/#website\",\"url\":\"https:\/\/immotecnics.com\/ca\/\",\"name\":\"Immot\u00e8cnics\",\"description\":\"Immobiliaria Real State\",\"publisher\":{\"@id\":\"https:\/\/immotecnics.com\/ca\/#organization\"},\"potentialAction\":[{\"@type\":\"SearchAction\",\"target\":{\"@type\":\"EntryPoint\",\"urlTemplate\":\"https:\/\/immotecnics.com\/ca\/?s={search_term_string}\"},\"query-input\":{\"@type\":\"PropertyValueSpecification\",\"valueRequired\":true,\"valueName\":\"search_term_string\"}}],\"inLanguage\":\"ca\"},{\"@type\":\"Organization\",\"@id\":\"https:\/\/immotecnics.com\/ca\/#organization\",\"name\":\"Immot\u00e8cnics\",\"url\":\"https:\/\/immotecnics.com\/ca\/\",\"logo\":{\"@type\":\"ImageObject\",\"inLanguage\":\"ca\",\"@id\":\"https:\/\/immotecnics.com\/ca\/#\/schema\/logo\/image\/\",\"url\":\"https:\/\/immotecnics.com\/wp-content\/uploads\/2023\/03\/cropped-favicon.png\",\"contentUrl\":\"https:\/\/immotecnics.com\/wp-content\/uploads\/2023\/03\/cropped-favicon.png\",\"width\":512,\"height\":512,\"caption\":\"Immot\u00e8cnics\"},\"image\":{\"@id\":\"https:\/\/immotecnics.com\/ca\/#\/schema\/logo\/image\/\"},\"sameAs\":[\"https:\/\/www.facebook.com\/immotecnics\/\",\"https:\/\/x.com\/Immotecnics\",\"https:\/\/www.linkedin.com\/company\/immotecnics\/?originalSubdomain=es\",\"https:\/\/www.instagram.com\/immotecnics\/\",\"https:\/\/www.youtube.com\/channel\/UCuui4F1ETMrBhYS7BbGrhGg\"]},{\"@type\":\"Person\",\"@id\":\"https:\/\/immotecnics.com\/ca\/#\/schema\/person\/a695164696e6998e5c6c8a5eef71ff68\",\"name\":\"Jordi Yetor\",\"image\":{\"@type\":\"ImageObject\",\"inLanguage\":\"ca\",\"@id\":\"https:\/\/immotecnics.com\/wp-content\/uploads\/2023\/03\/jordi-yetor-100x100.jpg\",\"url\":\"https:\/\/immotecnics.com\/wp-content\/uploads\/2023\/03\/jordi-yetor-100x100.jpg\",\"contentUrl\":\"https:\/\/immotecnics.com\/wp-content\/uploads\/2023\/03\/jordi-yetor-100x100.jpg\",\"caption\":\"Jordi Yetor\"},\"description\":\"Responsable del seguimiento y cierre de operaciones, especialista en derecho y fiscalidad inmobiliaria.\",\"url\":\"https:\/\/immotecnics.com\/ca\/author\/jordi-yetor\/\"}]}<\/script>\n<!-- \/ Yoast SEO plugin. -->","yoast_head_json":{"title":"Comparativa: Lloguer vs Compra d'Habitatge - Immot\u00e8cnics","robots":{"index":"index","follow":"follow","max-snippet":"max-snippet:-1","max-image-preview":"max-image-preview:large","max-video-preview":"max-video-preview:-1"},"canonical":"https:\/\/immotecnics.com\/ca\/comparativa-lloguer-vs-compra-habitatge\/","og_locale":"ca_ES","og_type":"article","og_title":"Comparativa: Lloguer vs Compra d'Habitatge - Immot\u00e8cnics","og_description":"Et trobes en la situaci\u00f3 de decidir si llogar o comprar un habitatge? No est\u00e0s sol. \u00c9s una de les decisions financeres m\u00e9s importants que moltes persones enfronten. Aqu\u00ed, t'oferim una comparativa detallada per a ajudar-te a prendre una decisi\u00f3 informada. Pros i Contres Lloguer Pros Contres Compra Pros Contres Quins factors has de considerar? [&hellip;]","og_url":"https:\/\/immotecnics.com\/ca\/comparativa-lloguer-vs-compra-habitatge\/","og_site_name":"Immot\u00e8cnics","article_publisher":"https:\/\/www.facebook.com\/immotecnics\/","article_published_time":"2023-10-27T08:40:22+00:00","article_modified_time":"2023-10-27T08:52:10+00:00","og_image":[{"width":1200,"height":700,"url":"https:\/\/immotecnics.com\/wp-content\/uploads\/2023\/10\/alquiler-compra-vivienda.jpg","type":"image\/jpeg"}],"author":"Jordi Yetor","twitter_card":"summary_large_image","twitter_creator":"@Immotecnics","twitter_site":"@Immotecnics","twitter_misc":{"Escrit per":"Jordi Yetor","Temps estimat de lectura":"3 minuts"},"schema":{"@context":"https:\/\/schema.org","@graph":[{"@type":"Article","@id":"https:\/\/immotecnics.com\/ca\/comparativa-lloguer-vs-compra-habitatge\/#article","isPartOf":{"@id":"https:\/\/immotecnics.com\/ca\/comparativa-lloguer-vs-compra-habitatge\/"},"author":{"name":"Jordi Yetor","@id":"https:\/\/immotecnics.com\/ca\/#\/schema\/person\/a695164696e6998e5c6c8a5eef71ff68"},"headline":"Comparativa: Lloguer vs Compra d'Habitatge","datePublished":"2023-10-27T08:40:22+00:00","dateModified":"2023-10-27T08:52:10+00:00","mainEntityOfPage":{"@id":"https:\/\/immotecnics.com\/ca\/comparativa-lloguer-vs-compra-habitatge\/"},"wordCount":574,"commentCount":0,"publisher":{"@id":"https:\/\/immotecnics.com\/ca\/#organization"},"image":{"@id":"https:\/\/immotecnics.com\/ca\/comparativa-lloguer-vs-compra-habitatge\/#primaryimage"},"thumbnailUrl":"https:\/\/immotecnics.com\/wp-content\/uploads\/2023\/10\/alquiler-compra-vivienda.jpg","articleSection":["Sin categorizar"],"inLanguage":"ca","potentialAction":[{"@type":"CommentAction","name":"Comment","target":["https:\/\/immotecnics.com\/ca\/comparativa-lloguer-vs-compra-habitatge\/#respond"]}]},{"@type":"WebPage","@id":"https:\/\/immotecnics.com\/ca\/comparativa-lloguer-vs-compra-habitatge\/","url":"https:\/\/immotecnics.com\/ca\/comparativa-lloguer-vs-compra-habitatge\/","name":"Comparativa: Lloguer vs Compra d'Habitatge - Immot\u00e8cnics","isPartOf":{"@id":"https:\/\/immotecnics.com\/ca\/#website"},"primaryImageOfPage":{"@id":"https:\/\/immotecnics.com\/ca\/comparativa-lloguer-vs-compra-habitatge\/#primaryimage"},"image":{"@id":"https:\/\/immotecnics.com\/ca\/comparativa-lloguer-vs-compra-habitatge\/#primaryimage"},"thumbnailUrl":"https:\/\/immotecnics.com\/wp-content\/uploads\/2023\/10\/alquiler-compra-vivienda.jpg","datePublished":"2023-10-27T08:40:22+00:00","dateModified":"2023-10-27T08:52:10+00:00","breadcrumb":{"@id":"https:\/\/immotecnics.com\/ca\/comparativa-lloguer-vs-compra-habitatge\/#breadcrumb"},"inLanguage":"ca","potentialAction":[{"@type":"ReadAction","target":["https:\/\/immotecnics.com\/ca\/comparativa-lloguer-vs-compra-habitatge\/"]}]},{"@type":"ImageObject","inLanguage":"ca","@id":"https:\/\/immotecnics.com\/ca\/comparativa-lloguer-vs-compra-habitatge\/#primaryimage","url":"https:\/\/immotecnics.com\/wp-content\/uploads\/2023\/10\/alquiler-compra-vivienda.jpg","contentUrl":"https:\/\/immotecnics.com\/wp-content\/uploads\/2023\/10\/alquiler-compra-vivienda.jpg","width":1200,"height":700},{"@type":"BreadcrumbList","@id":"https:\/\/immotecnics.com\/ca\/comparativa-lloguer-vs-compra-habitatge\/#breadcrumb","itemListElement":[{"@type":"ListItem","position":1,"name":"Home","item":"https:\/\/immotecnics.com\/ca\/"},{"@type":"ListItem","position":2,"name":"Comparativa: Lloguer vs Compra d'Habitatge"}]},{"@type":"WebSite","@id":"https:\/\/immotecnics.com\/ca\/#website","url":"https:\/\/immotecnics.com\/ca\/","name":"Immot\u00e8cnics","description":"Immobiliaria Real State","publisher":{"@id":"https:\/\/immotecnics.com\/ca\/#organization"},"potentialAction":[{"@type":"SearchAction","target":{"@type":"EntryPoint","urlTemplate":"https:\/\/immotecnics.com\/ca\/?s={search_term_string}"},"query-input":{"@type":"PropertyValueSpecification","valueRequired":true,"valueName":"search_term_string"}}],"inLanguage":"ca"},{"@type":"Organization","@id":"https:\/\/immotecnics.com\/ca\/#organization","name":"Immot\u00e8cnics","url":"https:\/\/immotecnics.com\/ca\/","logo":{"@type":"ImageObject","inLanguage":"ca","@id":"https:\/\/immotecnics.com\/ca\/#\/schema\/logo\/image\/","url":"https:\/\/immotecnics.com\/wp-content\/uploads\/2023\/03\/cropped-favicon.png","contentUrl":"https:\/\/immotecnics.com\/wp-content\/uploads\/2023\/03\/cropped-favicon.png","width":512,"height":512,"caption":"Immot\u00e8cnics"},"image":{"@id":"https:\/\/immotecnics.com\/ca\/#\/schema\/logo\/image\/"},"sameAs":["https:\/\/www.facebook.com\/immotecnics\/","https:\/\/x.com\/Immotecnics","https:\/\/www.linkedin.com\/company\/immotecnics\/?originalSubdomain=es","https:\/\/www.instagram.com\/immotecnics\/","https:\/\/www.youtube.com\/channel\/UCuui4F1ETMrBhYS7BbGrhGg"]},{"@type":"Person","@id":"https:\/\/immotecnics.com\/ca\/#\/schema\/person\/a695164696e6998e5c6c8a5eef71ff68","name":"Jordi Yetor","image":{"@type":"ImageObject","inLanguage":"ca","@id":"https:\/\/immotecnics.com\/wp-content\/uploads\/2023\/03\/jordi-yetor-100x100.jpg","url":"https:\/\/immotecnics.com\/wp-content\/uploads\/2023\/03\/jordi-yetor-100x100.jpg","contentUrl":"https:\/\/immotecnics.com\/wp-content\/uploads\/2023\/03\/jordi-yetor-100x100.jpg","caption":"Jordi Yetor"},"description":"Responsable del seguimiento y cierre de operaciones, especialista en derecho y fiscalidad inmobiliaria.","url":"https:\/\/immotecnics.com\/ca\/author\/jordi-yetor\/"}]}},"_links":{"self":[{"href":"https:\/\/immotecnics.com\/ca\/wp-json\/wp\/v2\/posts\/2336","targetHints":{"allow":["GET"]}}],"collection":[{"href":"https:\/\/immotecnics.com\/ca\/wp-json\/wp\/v2\/posts"}],"about":[{"href":"https:\/\/immotecnics.com\/ca\/wp-json\/wp\/v2\/types\/post"}],"author":[{"embeddable":true,"href":"https:\/\/immotecnics.com\/ca\/wp-json\/wp\/v2\/users\/2"}],"replies":[{"embeddable":true,"href":"https:\/\/immotecnics.com\/ca\/wp-json\/wp\/v2\/comments?post=2336"}],"version-history":[{"count":2,"href":"https:\/\/immotecnics.com\/ca\/wp-json\/wp\/v2\/posts\/2336\/revisions"}],"predecessor-version":[{"id":2339,"href":"https:\/\/immotecnics.com\/ca\/wp-json\/wp\/v2\/posts\/2336\/revisions\/2339"}],"wp:featuredmedia":[{"embeddable":true,"href":"https:\/\/immotecnics.com\/ca\/wp-json\/wp\/v2\/media\/2332"}],"wp:attachment":[{"href":"https:\/\/immotecnics.com\/ca\/wp-json\/wp\/v2\/media?parent=2336"}],"wp:term":[{"taxonomy":"category","embeddable":true,"href":"https:\/\/immotecnics.com\/ca\/wp-json\/wp\/v2\/categories?post=2336"},{"taxonomy":"post_tag","embeddable":true,"href":"https:\/\/immotecnics.com\/ca\/wp-json\/wp\/v2\/tags?post=2336"}],"curies":[{"name":"wp","href":"https:\/\/api.w.org\/{rel}","templated":true}]}}