{"id":1886,"date":"2023-06-27T16:35:07","date_gmt":"2023-06-27T14:35:07","guid":{"rendered":"https:\/\/immotecnics.com\/declarar-alquiler-piso-turistico\/"},"modified":"2025-08-26T08:40:36","modified_gmt":"2025-08-26T06:40:36","slug":"declarar-lloguer-turistic","status":"publish","type":"post","link":"https:\/\/immotecnics.com\/ca\/declarar-lloguer-turistic\/","title":{"rendered":"Com es declara el lloguer d'un pis tur\u00edstic?"},"content":{"rendered":"\n<p>El sector del turisme \u00e9s bastant impredictible i avui vull parlar d'un tema molt important que a vegades pot generar dubtes i confusi\u00f3:<strong> com es declara el lloguer d'un pis tur\u00edstic.<\/strong><\/p>\n\n\n\n<p>Els lloguers tur\u00edstics s'han convertit en una gran font d'ingressos per a molts propietaris, especialment amb la proliferaci\u00f3 de plataformes en l\u00ednia de lloguer a curt termini. No obstant aix\u00f2, aquests ingressos no estan exempts d'impostos i han de ser declarats correctament.<\/p>\n\n\n\n<h2 class=\"wp-block-heading\">Quina \u00e9s la manera correcta de declarar el lloguer tur\u00edstic?<\/h2>\n\n\n\n<div style=\"height:35px\" aria-hidden=\"true\" class=\"wp-block-spacer\"><\/div>\n\n\n\n<h3 class=\"wp-block-heading\">1. Identificar quin tipus de lloguer tens<\/h3>\n\n\n\n<p>En primer lloc, \u00e9s important entendre que l'Ag\u00e8ncia Tribut\u00e0ria distingeix entre lloguers d'habitatges habituals i lloguers d'habitatges d'\u00fas tur\u00edstic. Els primers es regeixen per la <strong>Llei d'Arrendaments Urbans (LAU)<\/strong>, mentre que els segons es regeixen per la normativa espec\u00edfica de cada Comunitat Aut\u00f2noma. En aquest cas, ens centrarem en els pisos tur\u00edstics.<\/p>\n\n\n\n<h3 class=\"wp-block-heading\">2. Rendiments de capital immobiliari o rendiments d'activitats econ\u00f2miques<\/h3>\n\n\n\n<p>Els ingressos obtinguts pel lloguer d'un pis tur\u00edstic es consideren rendiments de capital immobiliari, tret que es prestin serveis propis de la ind\u00fastria hotelera (neteja, canvi de roba, restauraci\u00f3, etc.) i en aquest cas, passarien a ser rendiments d'activitats econ\u00f2miques.<\/p>\n\n\n\n<h3 class=\"wp-block-heading\">3. Com es tributa?<\/h3>\n\n\n\n<p>Si els <strong>ingressos es consideren rendiments de capital immobiliari<\/strong>, s'han d'incloure en la declaraci\u00f3 de l'Impost sobre la <strong>Renda de les Persones F\u00edsiques (IRPF)<\/strong> en l'apartat de rendiments de capital immobiliari, i tributaran en funci\u00f3 del tipus impositiu que correspongui al tram de renda del contribuent.<\/p>\n\n\n\n<p>Si els <strong>ingressos es consideren rendiments d'activitats econ\u00f2miques<\/strong>, estar\u00edem davant una activitat empresarial, la qual cosa pot comportar l'obligaci\u00f3 de donar-se d'alta com a aut\u00f2nom i, per tant, la necessitat de presentar declaracions trimestrals d'IVA i IRPF.<\/p>\n\n\n\n<h3 class=\"wp-block-heading\">4. Despeses dedu\u00efbles<\/h3>\n\n\n\n<p>Un aspecte important a tenir en compte s\u00f3n les despeses dedu\u00efbles. Entre aquests es troben: els interessos de pr\u00e9stecs, despeses de reparaci\u00f3 i conservaci\u00f3, tributs i taxes, despeses de comunitat, entre altres. Aquestes despeses poden reduir la base imposable de l'impost, per la qual cosa \u00e9s important portar un registre detallat.<\/p>\n\n\n\n<h3 class=\"wp-block-heading\">5. Declaraci\u00f3 d'ingressos<\/h3>\n\n\n\n<p>Finalment, \u00e9s fonamental recordar que has de declarar tots els ingressos obtinguts a trav\u00e9s del lloguer, sense importar la plataforma a trav\u00e9s de la qual s'hagin aconseguit. L'Ag\u00e8ncia Tribut\u00e0ria t\u00e9 acc\u00e9s a la informaci\u00f3 d'aquestes plataformes i pot comprovar si els ingressos declarats es corresponen amb els realment obtinguts.<\/p>\n\n\n<div class=\"wp-block-image\">\n<figure class=\"aligncenter size-full\"><img loading=\"lazy\" decoding=\"async\" width=\"800\" height=\"400\" src=\"https:\/\/immotecnics.com\/wp-content\/uploads\/2023\/07\/alquiler-casa-verano-jpg.webp\" alt=\"\" class=\"wp-image-1882\" srcset=\"https:\/\/immotecnics.com\/wp-content\/uploads\/2023\/07\/alquiler-casa-verano-jpg.webp 800w, https:\/\/immotecnics.com\/wp-content\/uploads\/2023\/07\/alquiler-casa-verano-jpg-600x300.webp 600w, https:\/\/immotecnics.com\/wp-content\/uploads\/2023\/07\/alquiler-casa-verano-480x240.webp 480w, https:\/\/immotecnics.com\/wp-content\/uploads\/2023\/07\/alquiler-casa-verano-768x384.webp 768w, https:\/\/immotecnics.com\/wp-content\/uploads\/2023\/07\/alquiler-casa-verano-380x190.webp 380w\" sizes=\"auto, (max-width: 800px) 100vw, 800px\" \/><figcaption class=\"wp-element-caption\">Lloguer d'habitatge vacacional<\/figcaption><\/figure>\n<\/div>\n\n\n<h2 class=\"wp-block-heading\">\u00bfQu\u00e8 \u00e9s el model 179?<\/h2>\n\n\n\n<p>El model 179 \u00e9s una declaraci\u00f3 informativa trimestral de lloguers d'habitatges amb finalitats tur\u00edstics que l'Ag\u00e8ncia Tribut\u00e0ria va implementar en 2018. Aquesta declaraci\u00f3 va ser creada amb el prop\u00f2sit de tenir un control m\u00e9s prec\u00eds sobre els lloguers tur\u00edstics, un sector que ha crescut exponencialment en els \u00faltims anys gr\u00e0cies a l'auge de les plataformes en l\u00ednia de lloguer.<\/p>\n\n\n\n<p>El model 179 t\u00e9 un important impacte en el lloguer tur\u00edstic per diverses raons:<\/p>\n\n\n\n<ol class=\"wp-block-list\">\n<li><strong>Major control fiscal: <\/strong>En disposar d'una informaci\u00f3 detallada sobre el lloguer d'habitatges tur\u00edstics, l'Ag\u00e8ncia Tribut\u00e0ria pot realitzar un seguiment m\u00e9s eficient d'aquests lloguers i assegurar-se que s'estan declarant tots els ingressos corresponents.<\/li>\n\n\n\n<li><strong>Responsabilitat de les plataformes intermedi\u00e0ries: <\/strong>Aquest model posa una gran responsabilitat en les plataformes que actuen com a intermediaris en aquests lloguers, ja que han de presentar informaci\u00f3 precisa i completa sobre totes les operacions en les quals intervenen.<\/li>\n\n\n\n<li><strong>Transpar\u00e8ncia: <\/strong>El model 179 promou una major transpar\u00e8ncia en el sector del lloguer tur\u00edstic, la qual cosa pot ajudar a prevenir pr\u00e0ctiques fiscals fraudulentes.<\/li>\n<\/ol>\n\n\n\n<h2 class=\"wp-block-heading\">Quina \u00e9s la sanci\u00f3 de no declarar els lloguers tur\u00edstics?<\/h2>\n\n\n\n<p>El no declarar els ingressos obtinguts pel lloguer d'un habitatge vacacional pot tenir conseq\u00fc\u00e8ncies significatives, ja que es considera una infracci\u00f3 fiscal.<\/p>\n\n\n\n<p>El <strong>rec\u00e0rrec i sanci\u00f3 econ\u00f2mica<\/strong>: La conseq\u00fc\u00e8ncia m\u00e9s directa \u00e9s la imposici\u00f3 d'una sanci\u00f3 econ\u00f2mica. Hisenda reclamar\u00e0 l'import no declarat i addicionalment aplicar\u00e0 una multa que pot variar entre el <strong>50% i el 150%<\/strong> de la quantitat defraudada, depenent de la gravetat de la infracci\u00f3. A m\u00e9s, s'aplicaran interessos de demora des del terme del per\u00edode voluntari de declaraci\u00f3 fins avui en qu\u00e8 es regularitzi la situaci\u00f3.<\/p>\n\n\n\n<h2 class=\"wp-block-heading\">Conclusi\u00f3<\/h2>\n\n\n\n<p>Per a resumir, el lloguer d'un pis tur\u00edstic pot ser una excel\u00b7lent font d'ingressos, per\u00f2 \u00e9s fonamental tenir en compte les obligacions fiscals que aix\u00f2 comporta. Recorda que cada cas pot tenir particularitats, per la qual cosa \u00e9s recomanable consultar amb un expert per a assegurar-te que est\u00e0s complint amb totes les teves obligacions fiscals.<\/p>\n\n\n\n<p>En <strong>Immot\u00e8cnics<\/strong> som especialistes en la <a href=\"https:\/\/immotecnics.com\/ca\/serveis\/llogar\/\" target=\"_blank\" rel=\"noreferrer noopener\">gesti\u00f3 de lloguers tur\u00edstics<\/a>. Posa't en contacte amb nosaltres si necessites una Ag\u00e8ncia Immobili\u00e0ria especialista en el sector.<\/p>\n\n\n\n<p><strong>Estarem encantats d'ajudar-te!<\/strong><\/p>\n","protected":false},"excerpt":{"rendered":"<p>El sector del turisme \u00e9s bastant impredictible i avui vull parlar d'un tema molt important que a vegades pot generar dubtes i confusi\u00f3: com es declara el lloguer d'un pis tur\u00edstic. Els lloguers tur\u00edstics s'han convertit en una gran font d'ingressos per a molts propietaris, especialment amb la proliferaci\u00f3 de plataformes en l\u00ednia de lloguer [&hellip;]<\/p>\n","protected":false},"author":2,"featured_media":1879,"comment_status":"open","ping_status":"open","sticky":false,"template":"","format":"standard","meta":{"_acf_changed":false,"footnotes":""},"categories":[42],"tags":[],"class_list":["post-1886","post","type-post","status-publish","format-standard","has-post-thumbnail","hentry","category-sin-categorizar-ca"],"acf":[],"yoast_head":"<!-- This site is optimized with the Yoast SEO plugin v27.2 - https:\/\/yoast.com\/product\/yoast-seo-wordpress\/ -->\n<title>Com es declara el lloguer d&#039;un pis tur\u00edstic? - Immot\u00e8cnics<\/title>\n<meta name=\"robots\" content=\"index, follow, max-snippet:-1, max-image-preview:large, max-video-preview:-1\" \/>\n<link rel=\"canonical\" href=\"https:\/\/immotecnics.com\/ca\/declarar-lloguer-turistic\/\" \/>\n<meta property=\"og:locale\" content=\"ca_ES\" \/>\n<meta property=\"og:type\" content=\"article\" \/>\n<meta property=\"og:title\" content=\"Com es declara el lloguer d&#039;un pis tur\u00edstic? - Immot\u00e8cnics\" \/>\n<meta property=\"og:description\" content=\"El sector del turisme \u00e9s bastant impredictible i avui vull parlar d&#039;un tema molt important que a vegades pot generar dubtes i confusi\u00f3: com es declara el lloguer d&#039;un pis tur\u00edstic. Els lloguers tur\u00edstics s&#039;han convertit en una gran font d&#039;ingressos per a molts propietaris, especialment amb la proliferaci\u00f3 de plataformes en l\u00ednia de lloguer [&hellip;]\" \/>\n<meta property=\"og:url\" content=\"https:\/\/immotecnics.com\/ca\/declarar-lloguer-turistic\/\" \/>\n<meta property=\"og:site_name\" content=\"Immot\u00e8cnics\" \/>\n<meta property=\"article:publisher\" content=\"https:\/\/www.facebook.com\/immotecnics\/\" \/>\n<meta property=\"article:published_time\" content=\"2023-06-27T14:35:07+00:00\" \/>\n<meta property=\"article:modified_time\" content=\"2025-08-26T06:40:36+00:00\" \/>\n<meta property=\"og:image\" content=\"https:\/\/immotecnics.com\/wp-content\/uploads\/2023\/07\/declarar-alquiler-vacacional-jpg.webp\" \/>\n\t<meta property=\"og:image:width\" content=\"1200\" \/>\n\t<meta property=\"og:image:height\" content=\"700\" \/>\n\t<meta property=\"og:image:type\" content=\"image\/jpeg\" \/>\n<meta name=\"author\" content=\"Jordi Yetor\" \/>\n<meta name=\"twitter:card\" content=\"summary_large_image\" \/>\n<meta name=\"twitter:creator\" content=\"@Immotecnics\" \/>\n<meta name=\"twitter:site\" content=\"@Immotecnics\" \/>\n<meta name=\"twitter:label1\" content=\"Escrit per\" \/>\n\t<meta name=\"twitter:data1\" content=\"Jordi Yetor\" \/>\n\t<meta name=\"twitter:label2\" content=\"Temps estimat de lectura\" \/>\n\t<meta name=\"twitter:data2\" content=\"4 minuts\" \/>\n<script type=\"application\/ld+json\" class=\"yoast-schema-graph\">{\"@context\":\"https:\/\/schema.org\",\"@graph\":[{\"@type\":\"Article\",\"@id\":\"https:\/\/immotecnics.com\/ca\/declarar-lloguer-turistic\/#article\",\"isPartOf\":{\"@id\":\"https:\/\/immotecnics.com\/ca\/declarar-lloguer-turistic\/\"},\"author\":{\"name\":\"Jordi Yetor\",\"@id\":\"https:\/\/immotecnics.com\/ca\/#\/schema\/person\/a695164696e6998e5c6c8a5eef71ff68\"},\"headline\":\"Com es declara el lloguer d'un pis tur\u00edstic?\",\"datePublished\":\"2023-06-27T14:35:07+00:00\",\"dateModified\":\"2025-08-26T06:40:36+00:00\",\"mainEntityOfPage\":{\"@id\":\"https:\/\/immotecnics.com\/ca\/declarar-lloguer-turistic\/\"},\"wordCount\":845,\"commentCount\":0,\"publisher\":{\"@id\":\"https:\/\/immotecnics.com\/ca\/#organization\"},\"image\":{\"@id\":\"https:\/\/immotecnics.com\/ca\/declarar-lloguer-turistic\/#primaryimage\"},\"thumbnailUrl\":\"https:\/\/immotecnics.com\/wp-content\/uploads\/2023\/07\/declarar-alquiler-vacacional-jpg.webp\",\"articleSection\":[\"Sin categorizar\"],\"inLanguage\":\"ca\",\"potentialAction\":[{\"@type\":\"CommentAction\",\"name\":\"Comment\",\"target\":[\"https:\/\/immotecnics.com\/ca\/declarar-lloguer-turistic\/#respond\"]}]},{\"@type\":\"WebPage\",\"@id\":\"https:\/\/immotecnics.com\/ca\/declarar-lloguer-turistic\/\",\"url\":\"https:\/\/immotecnics.com\/ca\/declarar-lloguer-turistic\/\",\"name\":\"Com es declara el lloguer d'un pis tur\u00edstic? - Immot\u00e8cnics\",\"isPartOf\":{\"@id\":\"https:\/\/immotecnics.com\/ca\/#website\"},\"primaryImageOfPage\":{\"@id\":\"https:\/\/immotecnics.com\/ca\/declarar-lloguer-turistic\/#primaryimage\"},\"image\":{\"@id\":\"https:\/\/immotecnics.com\/ca\/declarar-lloguer-turistic\/#primaryimage\"},\"thumbnailUrl\":\"https:\/\/immotecnics.com\/wp-content\/uploads\/2023\/07\/declarar-alquiler-vacacional-jpg.webp\",\"datePublished\":\"2023-06-27T14:35:07+00:00\",\"dateModified\":\"2025-08-26T06:40:36+00:00\",\"breadcrumb\":{\"@id\":\"https:\/\/immotecnics.com\/ca\/declarar-lloguer-turistic\/#breadcrumb\"},\"inLanguage\":\"ca\",\"potentialAction\":[{\"@type\":\"ReadAction\",\"target\":[\"https:\/\/immotecnics.com\/ca\/declarar-lloguer-turistic\/\"]}]},{\"@type\":\"ImageObject\",\"inLanguage\":\"ca\",\"@id\":\"https:\/\/immotecnics.com\/ca\/declarar-lloguer-turistic\/#primaryimage\",\"url\":\"https:\/\/immotecnics.com\/wp-content\/uploads\/2023\/07\/declarar-alquiler-vacacional-jpg.webp\",\"contentUrl\":\"https:\/\/immotecnics.com\/wp-content\/uploads\/2023\/07\/declarar-alquiler-vacacional-jpg.webp\",\"width\":1200,\"height\":700},{\"@type\":\"BreadcrumbList\",\"@id\":\"https:\/\/immotecnics.com\/ca\/declarar-lloguer-turistic\/#breadcrumb\",\"itemListElement\":[{\"@type\":\"ListItem\",\"position\":1,\"name\":\"Home\",\"item\":\"https:\/\/immotecnics.com\/ca\/\"},{\"@type\":\"ListItem\",\"position\":2,\"name\":\"Com es declara el lloguer d'un pis tur\u00edstic?\"}]},{\"@type\":\"WebSite\",\"@id\":\"https:\/\/immotecnics.com\/ca\/#website\",\"url\":\"https:\/\/immotecnics.com\/ca\/\",\"name\":\"Immot\u00e8cnics\",\"description\":\"Immobiliaria Real State\",\"publisher\":{\"@id\":\"https:\/\/immotecnics.com\/ca\/#organization\"},\"potentialAction\":[{\"@type\":\"SearchAction\",\"target\":{\"@type\":\"EntryPoint\",\"urlTemplate\":\"https:\/\/immotecnics.com\/ca\/?s={search_term_string}\"},\"query-input\":{\"@type\":\"PropertyValueSpecification\",\"valueRequired\":true,\"valueName\":\"search_term_string\"}}],\"inLanguage\":\"ca\"},{\"@type\":\"Organization\",\"@id\":\"https:\/\/immotecnics.com\/ca\/#organization\",\"name\":\"Immot\u00e8cnics\",\"url\":\"https:\/\/immotecnics.com\/ca\/\",\"logo\":{\"@type\":\"ImageObject\",\"inLanguage\":\"ca\",\"@id\":\"https:\/\/immotecnics.com\/ca\/#\/schema\/logo\/image\/\",\"url\":\"https:\/\/immotecnics.com\/wp-content\/uploads\/2023\/03\/cropped-favicon.png\",\"contentUrl\":\"https:\/\/immotecnics.com\/wp-content\/uploads\/2023\/03\/cropped-favicon.png\",\"width\":512,\"height\":512,\"caption\":\"Immot\u00e8cnics\"},\"image\":{\"@id\":\"https:\/\/immotecnics.com\/ca\/#\/schema\/logo\/image\/\"},\"sameAs\":[\"https:\/\/www.facebook.com\/immotecnics\/\",\"https:\/\/x.com\/Immotecnics\",\"https:\/\/www.linkedin.com\/company\/immotecnics\/?originalSubdomain=es\",\"https:\/\/www.instagram.com\/immotecnics\/\",\"https:\/\/www.youtube.com\/channel\/UCuui4F1ETMrBhYS7BbGrhGg\"]},{\"@type\":\"Person\",\"@id\":\"https:\/\/immotecnics.com\/ca\/#\/schema\/person\/a695164696e6998e5c6c8a5eef71ff68\",\"name\":\"Jordi Yetor\",\"image\":{\"@type\":\"ImageObject\",\"inLanguage\":\"ca\",\"@id\":\"https:\/\/immotecnics.com\/wp-content\/uploads\/2023\/03\/jordi-yetor-100x100.jpg\",\"url\":\"https:\/\/immotecnics.com\/wp-content\/uploads\/2023\/03\/jordi-yetor-100x100.jpg\",\"contentUrl\":\"https:\/\/immotecnics.com\/wp-content\/uploads\/2023\/03\/jordi-yetor-100x100.jpg\",\"caption\":\"Jordi Yetor\"},\"description\":\"Responsable del seguimiento y cierre de operaciones, especialista en derecho y fiscalidad inmobiliaria.\",\"url\":\"https:\/\/immotecnics.com\/ca\/author\/jordi-yetor\/\"}]}<\/script>\n<!-- \/ Yoast SEO plugin. -->","yoast_head_json":{"title":"Com es declara el lloguer d'un pis tur\u00edstic? - Immot\u00e8cnics","robots":{"index":"index","follow":"follow","max-snippet":"max-snippet:-1","max-image-preview":"max-image-preview:large","max-video-preview":"max-video-preview:-1"},"canonical":"https:\/\/immotecnics.com\/ca\/declarar-lloguer-turistic\/","og_locale":"ca_ES","og_type":"article","og_title":"Com es declara el lloguer d'un pis tur\u00edstic? - Immot\u00e8cnics","og_description":"El sector del turisme \u00e9s bastant impredictible i avui vull parlar d'un tema molt important que a vegades pot generar dubtes i confusi\u00f3: com es declara el lloguer d'un pis tur\u00edstic. Els lloguers tur\u00edstics s'han convertit en una gran font d'ingressos per a molts propietaris, especialment amb la proliferaci\u00f3 de plataformes en l\u00ednia de lloguer [&hellip;]","og_url":"https:\/\/immotecnics.com\/ca\/declarar-lloguer-turistic\/","og_site_name":"Immot\u00e8cnics","article_publisher":"https:\/\/www.facebook.com\/immotecnics\/","article_published_time":"2023-06-27T14:35:07+00:00","article_modified_time":"2025-08-26T06:40:36+00:00","og_image":[{"width":1200,"height":700,"url":"https:\/\/immotecnics.com\/wp-content\/uploads\/2023\/07\/declarar-alquiler-vacacional-jpg.webp","type":"image\/jpeg"}],"author":"Jordi Yetor","twitter_card":"summary_large_image","twitter_creator":"@Immotecnics","twitter_site":"@Immotecnics","twitter_misc":{"Escrit per":"Jordi Yetor","Temps estimat de lectura":"4 minuts"},"schema":{"@context":"https:\/\/schema.org","@graph":[{"@type":"Article","@id":"https:\/\/immotecnics.com\/ca\/declarar-lloguer-turistic\/#article","isPartOf":{"@id":"https:\/\/immotecnics.com\/ca\/declarar-lloguer-turistic\/"},"author":{"name":"Jordi Yetor","@id":"https:\/\/immotecnics.com\/ca\/#\/schema\/person\/a695164696e6998e5c6c8a5eef71ff68"},"headline":"Com es declara el lloguer d'un pis tur\u00edstic?","datePublished":"2023-06-27T14:35:07+00:00","dateModified":"2025-08-26T06:40:36+00:00","mainEntityOfPage":{"@id":"https:\/\/immotecnics.com\/ca\/declarar-lloguer-turistic\/"},"wordCount":845,"commentCount":0,"publisher":{"@id":"https:\/\/immotecnics.com\/ca\/#organization"},"image":{"@id":"https:\/\/immotecnics.com\/ca\/declarar-lloguer-turistic\/#primaryimage"},"thumbnailUrl":"https:\/\/immotecnics.com\/wp-content\/uploads\/2023\/07\/declarar-alquiler-vacacional-jpg.webp","articleSection":["Sin categorizar"],"inLanguage":"ca","potentialAction":[{"@type":"CommentAction","name":"Comment","target":["https:\/\/immotecnics.com\/ca\/declarar-lloguer-turistic\/#respond"]}]},{"@type":"WebPage","@id":"https:\/\/immotecnics.com\/ca\/declarar-lloguer-turistic\/","url":"https:\/\/immotecnics.com\/ca\/declarar-lloguer-turistic\/","name":"Com es declara el lloguer d'un pis tur\u00edstic? - Immot\u00e8cnics","isPartOf":{"@id":"https:\/\/immotecnics.com\/ca\/#website"},"primaryImageOfPage":{"@id":"https:\/\/immotecnics.com\/ca\/declarar-lloguer-turistic\/#primaryimage"},"image":{"@id":"https:\/\/immotecnics.com\/ca\/declarar-lloguer-turistic\/#primaryimage"},"thumbnailUrl":"https:\/\/immotecnics.com\/wp-content\/uploads\/2023\/07\/declarar-alquiler-vacacional-jpg.webp","datePublished":"2023-06-27T14:35:07+00:00","dateModified":"2025-08-26T06:40:36+00:00","breadcrumb":{"@id":"https:\/\/immotecnics.com\/ca\/declarar-lloguer-turistic\/#breadcrumb"},"inLanguage":"ca","potentialAction":[{"@type":"ReadAction","target":["https:\/\/immotecnics.com\/ca\/declarar-lloguer-turistic\/"]}]},{"@type":"ImageObject","inLanguage":"ca","@id":"https:\/\/immotecnics.com\/ca\/declarar-lloguer-turistic\/#primaryimage","url":"https:\/\/immotecnics.com\/wp-content\/uploads\/2023\/07\/declarar-alquiler-vacacional-jpg.webp","contentUrl":"https:\/\/immotecnics.com\/wp-content\/uploads\/2023\/07\/declarar-alquiler-vacacional-jpg.webp","width":1200,"height":700},{"@type":"BreadcrumbList","@id":"https:\/\/immotecnics.com\/ca\/declarar-lloguer-turistic\/#breadcrumb","itemListElement":[{"@type":"ListItem","position":1,"name":"Home","item":"https:\/\/immotecnics.com\/ca\/"},{"@type":"ListItem","position":2,"name":"Com es declara el lloguer d'un pis tur\u00edstic?"}]},{"@type":"WebSite","@id":"https:\/\/immotecnics.com\/ca\/#website","url":"https:\/\/immotecnics.com\/ca\/","name":"Immot\u00e8cnics","description":"Immobiliaria Real State","publisher":{"@id":"https:\/\/immotecnics.com\/ca\/#organization"},"potentialAction":[{"@type":"SearchAction","target":{"@type":"EntryPoint","urlTemplate":"https:\/\/immotecnics.com\/ca\/?s={search_term_string}"},"query-input":{"@type":"PropertyValueSpecification","valueRequired":true,"valueName":"search_term_string"}}],"inLanguage":"ca"},{"@type":"Organization","@id":"https:\/\/immotecnics.com\/ca\/#organization","name":"Immot\u00e8cnics","url":"https:\/\/immotecnics.com\/ca\/","logo":{"@type":"ImageObject","inLanguage":"ca","@id":"https:\/\/immotecnics.com\/ca\/#\/schema\/logo\/image\/","url":"https:\/\/immotecnics.com\/wp-content\/uploads\/2023\/03\/cropped-favicon.png","contentUrl":"https:\/\/immotecnics.com\/wp-content\/uploads\/2023\/03\/cropped-favicon.png","width":512,"height":512,"caption":"Immot\u00e8cnics"},"image":{"@id":"https:\/\/immotecnics.com\/ca\/#\/schema\/logo\/image\/"},"sameAs":["https:\/\/www.facebook.com\/immotecnics\/","https:\/\/x.com\/Immotecnics","https:\/\/www.linkedin.com\/company\/immotecnics\/?originalSubdomain=es","https:\/\/www.instagram.com\/immotecnics\/","https:\/\/www.youtube.com\/channel\/UCuui4F1ETMrBhYS7BbGrhGg"]},{"@type":"Person","@id":"https:\/\/immotecnics.com\/ca\/#\/schema\/person\/a695164696e6998e5c6c8a5eef71ff68","name":"Jordi Yetor","image":{"@type":"ImageObject","inLanguage":"ca","@id":"https:\/\/immotecnics.com\/wp-content\/uploads\/2023\/03\/jordi-yetor-100x100.jpg","url":"https:\/\/immotecnics.com\/wp-content\/uploads\/2023\/03\/jordi-yetor-100x100.jpg","contentUrl":"https:\/\/immotecnics.com\/wp-content\/uploads\/2023\/03\/jordi-yetor-100x100.jpg","caption":"Jordi Yetor"},"description":"Responsable del seguimiento y cierre de operaciones, especialista en derecho y fiscalidad inmobiliaria.","url":"https:\/\/immotecnics.com\/ca\/author\/jordi-yetor\/"}]}},"_links":{"self":[{"href":"https:\/\/immotecnics.com\/ca\/wp-json\/wp\/v2\/posts\/1886","targetHints":{"allow":["GET"]}}],"collection":[{"href":"https:\/\/immotecnics.com\/ca\/wp-json\/wp\/v2\/posts"}],"about":[{"href":"https:\/\/immotecnics.com\/ca\/wp-json\/wp\/v2\/types\/post"}],"author":[{"embeddable":true,"href":"https:\/\/immotecnics.com\/ca\/wp-json\/wp\/v2\/users\/2"}],"replies":[{"embeddable":true,"href":"https:\/\/immotecnics.com\/ca\/wp-json\/wp\/v2\/comments?post=1886"}],"version-history":[{"count":2,"href":"https:\/\/immotecnics.com\/ca\/wp-json\/wp\/v2\/posts\/1886\/revisions"}],"predecessor-version":[{"id":11486,"href":"https:\/\/immotecnics.com\/ca\/wp-json\/wp\/v2\/posts\/1886\/revisions\/11486"}],"wp:featuredmedia":[{"embeddable":true,"href":"https:\/\/immotecnics.com\/ca\/wp-json\/wp\/v2\/media\/1879"}],"wp:attachment":[{"href":"https:\/\/immotecnics.com\/ca\/wp-json\/wp\/v2\/media?parent=1886"}],"wp:term":[{"taxonomy":"category","embeddable":true,"href":"https:\/\/immotecnics.com\/ca\/wp-json\/wp\/v2\/categories?post=1886"},{"taxonomy":"post_tag","embeddable":true,"href":"https:\/\/immotecnics.com\/ca\/wp-json\/wp\/v2\/tags?post=1886"}],"curies":[{"name":"wp","href":"https:\/\/api.w.org\/{rel}","templated":true}]}}