{"id":1401,"date":"2023-05-02T16:20:40","date_gmt":"2023-05-02T14:20:40","guid":{"rendered":"https:\/\/immotecnics.com\/evitar-la-ocupacion-de-tu-vivienda\/"},"modified":"2023-05-08T16:16:13","modified_gmt":"2023-05-08T14:16:13","slug":"evitar-ocupacio-del-teu-habitatge","status":"publish","type":"post","link":"https:\/\/immotecnics.com\/ca\/evitar-ocupacio-del-teu-habitatge\/","title":{"rendered":"5 TIPS per a evitar l'ocupaci\u00f3 del teu habitatge"},"content":{"rendered":"\n<p>L'ocupaci\u00f3 en l'\u00e0mbit immobiliari es refereix al fet que una persona o grup de persones s'instal\u00b7lin en una propietat <strong>sense tenir el dret legal<\/strong> per a fer-lo. En altres paraules, \u00e9s quan alg\u00fa ocupa un habitatge que no li pertany ni ha llogat.<\/p>\n\n\n\n<p>L'ocupaci\u00f3 il\u00b7legal pot ser un problema seri\u00f3s tant per als propietaris com per als ocupants, ja que pot generar conflictes legals i financers.<\/p>\n\n\n\n<h2 class=\"wp-block-heading\">Com puc evitar l'ocupaci\u00f3 de la meva propietat?<\/h2>\n\n\n\n<p>L'ocupaci\u00f3 il\u00b7legal d'habitatges \u00e9s un problema cada vegada m\u00e9s com\u00fa, per la qual cosa \u00e9s important prendre mesures per a prevenir-lo. Des de <a href=\"https:\/\/immotecnics.com\/ca\/\">Immot\u00e8cnics Real Estate<\/a> et detallem 5 consells \u00fatils per a evitar l'ocupaci\u00f3 d'habitatges:<\/p>\n\n\n\n<ul class=\"wp-block-list\">\n<li><strong>Mantenir la propietat segura: <\/strong>la seguretat \u00e9s clau per a prevenir l'ocupaci\u00f3. S'han d'instal\u00b7lar sistemes de seguretat efectius, com a cambres, alarmes i panys d'alta qualitat.<\/li>\n\n\n\n<li><strong>Mantenir l'habitatge habitat:<\/strong> si es tracta d'un habitatge que no s'utilitza habitualment, \u00e9s important mantenir-la ocupada temporalment, encara que sigui mitjan\u00e7ant lloguers a curt termini. L'ocupaci\u00f3 il\u00b7legal sol oc\u00f3rrer en habitatges que porten temps buides.<\/li>\n\n\n\n<li><strong>Con\u00e8ixer als ve\u00efns:<\/strong> mantenir una bona relaci\u00f3 amb els ve\u00efns \u00e9s important per a detectar qualsevol activitat sospitosa en la zona. Si els ve\u00efns coneixen als propietaris i als inquilins habituals de l'habitatge, \u00e9s m\u00e9s f\u00e0cil detectar qualsevol situaci\u00f3 d'ocupaci\u00f3 il\u00b7legal.<\/li>\n\n\n\n<li><strong>No deixar l'habitatge abandonat:<\/strong> en cas de mudar-se o de tenir l'habitatge buit temporalment, \u00e9s important no deixar-la abandonada i sense vigil\u00e0ncia. Es poden contractar serveis de cura i manteniment perqu\u00e8 l'habitatge sembli habitada.<\/li>\n\n\n\n<li><strong>Contractar serveis de seguretat privada:<\/strong> en casos d'habitatges d'alta gamma o de propietats buides per llargs per\u00edodes, pot ser convenient contractar serveis de seguretat privada per a mantenir la propietat vigilada i prevenir l'ocupaci\u00f3 il\u00b7legal.<\/li>\n<\/ul>\n\n\n\n<p>Seguint aquests consells, es poden evitar situacions d'ocupaci\u00f3 il\u00b7legal en habitatges i protegir la propietat dels seus amos leg\u00edtims.<\/p>\n\n\n\n<h2 class=\"wp-block-heading\">Immot\u00e8cnics, el teu assessor immobiliari de confian\u00e7a<\/h2>\n\n\n\n<p>Si descobreixes que la teva propietat ha estat ocupada il\u00b7legalment, \u00e9s important actuar de manera r\u00e0pida i efectiva per a recuperar-la. Busca assessorament legal immediatament i considera contractar un equip de seguretat privada per a recuperar la propietat de manera segura. Recorda que l'ocupaci\u00f3 il\u00b7legal d'habitatges \u00e9s un delicte, per la qual cosa \u00e9s important prendre mesures legals per a protegir els teus drets i recuperar la teva propietat.<\/p>\n\n\n\n<p>\u00c9s per aix\u00f2, que sempre recomanem <a href=\"https:\/\/immotecnics.com\/ca\/per-que-contractar-una-immobiliaria\/\">contractar una ag\u00e8ncia immobili\u00e0ria<\/a> experta en el sector per a ajudar-te en aquesta mena de processos.<\/p>\n\n\n\n<p>Des de Immot\u00e8cnics podem assessorar-te i ajudar-te si el teu habitatge ha estat ocupada. No dubtis a posar-te en <a href=\"https:\/\/immotecnics.com\/ca\/contacte\/\" data-type=\"page\" data-id=\"639\">contacte amb nosaltres<\/a>.<\/p>\n","protected":false},"excerpt":{"rendered":"<p>L'ocupaci\u00f3 en l'\u00e0mbit immobiliari es refereix al fet que una persona o grup de persones s'instal\u00b7lin en una propietat sense tenir el dret legal per a fer-lo. En altres paraules, \u00e9s quan alg\u00fa ocupa un habitatge que no li pertany ni ha llogat. L'ocupaci\u00f3 il\u00b7legal pot ser un problema seri\u00f3s tant per als propietaris com [&hellip;]<\/p>\n","protected":false},"author":4,"featured_media":1397,"comment_status":"open","ping_status":"open","sticky":false,"template":"","format":"standard","meta":{"_acf_changed":false,"footnotes":""},"categories":[],"tags":[],"class_list":["post-1401","post","type-post","status-publish","format-standard","has-post-thumbnail","hentry"],"acf":[],"yoast_head":"<!-- This site is optimized with the Yoast SEO plugin v27.2 - https:\/\/yoast.com\/product\/yoast-seo-wordpress\/ -->\n<title>5 TIPS per a evitar l&#039;ocupaci\u00f3 del teu habitatge - Immot\u00e8cnics<\/title>\n<meta name=\"robots\" content=\"index, follow, max-snippet:-1, max-image-preview:large, max-video-preview:-1\" \/>\n<link rel=\"canonical\" href=\"https:\/\/immotecnics.com\/ca\/evitar-ocupacio-del-teu-habitatge\/\" \/>\n<meta property=\"og:locale\" content=\"ca_ES\" \/>\n<meta property=\"og:type\" content=\"article\" \/>\n<meta property=\"og:title\" content=\"5 TIPS per a evitar l&#039;ocupaci\u00f3 del teu habitatge - Immot\u00e8cnics\" \/>\n<meta property=\"og:description\" content=\"L&#039;ocupaci\u00f3 en l&#039;\u00e0mbit immobiliari es refereix al fet que una persona o grup de persones s&#039;instal\u00b7lin en una propietat sense tenir el dret legal per a fer-lo. En altres paraules, \u00e9s quan alg\u00fa ocupa un habitatge que no li pertany ni ha llogat. L&#039;ocupaci\u00f3 il\u00b7legal pot ser un problema seri\u00f3s tant per als propietaris com [&hellip;]\" \/>\n<meta property=\"og:url\" content=\"https:\/\/immotecnics.com\/ca\/evitar-ocupacio-del-teu-habitatge\/\" \/>\n<meta property=\"og:site_name\" content=\"Immot\u00e8cnics\" \/>\n<meta property=\"article:publisher\" content=\"https:\/\/www.facebook.com\/immotecnics\/\" \/>\n<meta property=\"article:published_time\" content=\"2023-05-02T14:20:40+00:00\" \/>\n<meta property=\"article:modified_time\" content=\"2023-05-08T14:16:13+00:00\" \/>\n<meta property=\"og:image\" content=\"https:\/\/immotecnics.com\/wp-content\/uploads\/2023\/05\/ocupacion-vivienda.jpg\" \/>\n\t<meta property=\"og:image:width\" content=\"1200\" \/>\n\t<meta property=\"og:image:height\" content=\"700\" \/>\n\t<meta property=\"og:image:type\" content=\"image\/jpeg\" \/>\n<meta name=\"author\" content=\"Oriol Tarrag\u00f3\" \/>\n<meta name=\"twitter:card\" content=\"summary_large_image\" \/>\n<meta name=\"twitter:creator\" content=\"@Immotecnics\" \/>\n<meta name=\"twitter:site\" content=\"@Immotecnics\" \/>\n<meta name=\"twitter:label1\" content=\"Escrit per\" \/>\n\t<meta name=\"twitter:data1\" content=\"Oriol Tarrag\u00f3\" \/>\n\t<meta name=\"twitter:label2\" content=\"Temps estimat de lectura\" \/>\n\t<meta name=\"twitter:data2\" content=\"2 minuts\" \/>\n<script type=\"application\/ld+json\" class=\"yoast-schema-graph\">{\"@context\":\"https:\/\/schema.org\",\"@graph\":[{\"@type\":\"Article\",\"@id\":\"https:\/\/immotecnics.com\/ca\/evitar-ocupacio-del-teu-habitatge\/#article\",\"isPartOf\":{\"@id\":\"https:\/\/immotecnics.com\/ca\/evitar-ocupacio-del-teu-habitatge\/\"},\"author\":{\"name\":\"Oriol Tarrag\u00f3\",\"@id\":\"https:\/\/immotecnics.com\/ca\/#\/schema\/person\/c15d2bb82e08c5e348ab509c19400945\"},\"headline\":\"5 TIPS per a evitar l'ocupaci\u00f3 del teu habitatge\",\"datePublished\":\"2023-05-02T14:20:40+00:00\",\"dateModified\":\"2023-05-08T14:16:13+00:00\",\"mainEntityOfPage\":{\"@id\":\"https:\/\/immotecnics.com\/ca\/evitar-ocupacio-del-teu-habitatge\/\"},\"wordCount\":486,\"commentCount\":0,\"publisher\":{\"@id\":\"https:\/\/immotecnics.com\/ca\/#organization\"},\"image\":{\"@id\":\"https:\/\/immotecnics.com\/ca\/evitar-ocupacio-del-teu-habitatge\/#primaryimage\"},\"thumbnailUrl\":\"https:\/\/immotecnics.com\/wp-content\/uploads\/2023\/05\/ocupacion-vivienda.jpg\",\"inLanguage\":\"ca\",\"potentialAction\":[{\"@type\":\"CommentAction\",\"name\":\"Comment\",\"target\":[\"https:\/\/immotecnics.com\/ca\/evitar-ocupacio-del-teu-habitatge\/#respond\"]}]},{\"@type\":\"WebPage\",\"@id\":\"https:\/\/immotecnics.com\/ca\/evitar-ocupacio-del-teu-habitatge\/\",\"url\":\"https:\/\/immotecnics.com\/ca\/evitar-ocupacio-del-teu-habitatge\/\",\"name\":\"5 TIPS per a evitar l'ocupaci\u00f3 del teu habitatge - Immot\u00e8cnics\",\"isPartOf\":{\"@id\":\"https:\/\/immotecnics.com\/ca\/#website\"},\"primaryImageOfPage\":{\"@id\":\"https:\/\/immotecnics.com\/ca\/evitar-ocupacio-del-teu-habitatge\/#primaryimage\"},\"image\":{\"@id\":\"https:\/\/immotecnics.com\/ca\/evitar-ocupacio-del-teu-habitatge\/#primaryimage\"},\"thumbnailUrl\":\"https:\/\/immotecnics.com\/wp-content\/uploads\/2023\/05\/ocupacion-vivienda.jpg\",\"datePublished\":\"2023-05-02T14:20:40+00:00\",\"dateModified\":\"2023-05-08T14:16:13+00:00\",\"breadcrumb\":{\"@id\":\"https:\/\/immotecnics.com\/ca\/evitar-ocupacio-del-teu-habitatge\/#breadcrumb\"},\"inLanguage\":\"ca\",\"potentialAction\":[{\"@type\":\"ReadAction\",\"target\":[\"https:\/\/immotecnics.com\/ca\/evitar-ocupacio-del-teu-habitatge\/\"]}]},{\"@type\":\"ImageObject\",\"inLanguage\":\"ca\",\"@id\":\"https:\/\/immotecnics.com\/ca\/evitar-ocupacio-del-teu-habitatge\/#primaryimage\",\"url\":\"https:\/\/immotecnics.com\/wp-content\/uploads\/2023\/05\/ocupacion-vivienda.jpg\",\"contentUrl\":\"https:\/\/immotecnics.com\/wp-content\/uploads\/2023\/05\/ocupacion-vivienda.jpg\",\"width\":1200,\"height\":700},{\"@type\":\"BreadcrumbList\",\"@id\":\"https:\/\/immotecnics.com\/ca\/evitar-ocupacio-del-teu-habitatge\/#breadcrumb\",\"itemListElement\":[{\"@type\":\"ListItem\",\"position\":1,\"name\":\"Home\",\"item\":\"https:\/\/immotecnics.com\/ca\/\"},{\"@type\":\"ListItem\",\"position\":2,\"name\":\"5 TIPS per a evitar l'ocupaci\u00f3 del teu habitatge\"}]},{\"@type\":\"WebSite\",\"@id\":\"https:\/\/immotecnics.com\/ca\/#website\",\"url\":\"https:\/\/immotecnics.com\/ca\/\",\"name\":\"Immot\u00e8cnics\",\"description\":\"Immobiliaria Real State\",\"publisher\":{\"@id\":\"https:\/\/immotecnics.com\/ca\/#organization\"},\"potentialAction\":[{\"@type\":\"SearchAction\",\"target\":{\"@type\":\"EntryPoint\",\"urlTemplate\":\"https:\/\/immotecnics.com\/ca\/?s={search_term_string}\"},\"query-input\":{\"@type\":\"PropertyValueSpecification\",\"valueRequired\":true,\"valueName\":\"search_term_string\"}}],\"inLanguage\":\"ca\"},{\"@type\":\"Organization\",\"@id\":\"https:\/\/immotecnics.com\/ca\/#organization\",\"name\":\"Immot\u00e8cnics\",\"url\":\"https:\/\/immotecnics.com\/ca\/\",\"logo\":{\"@type\":\"ImageObject\",\"inLanguage\":\"ca\",\"@id\":\"https:\/\/immotecnics.com\/ca\/#\/schema\/logo\/image\/\",\"url\":\"https:\/\/immotecnics.com\/wp-content\/uploads\/2023\/03\/cropped-favicon.png\",\"contentUrl\":\"https:\/\/immotecnics.com\/wp-content\/uploads\/2023\/03\/cropped-favicon.png\",\"width\":512,\"height\":512,\"caption\":\"Immot\u00e8cnics\"},\"image\":{\"@id\":\"https:\/\/immotecnics.com\/ca\/#\/schema\/logo\/image\/\"},\"sameAs\":[\"https:\/\/www.facebook.com\/immotecnics\/\",\"https:\/\/x.com\/Immotecnics\",\"https:\/\/www.linkedin.com\/company\/immotecnics\/?originalSubdomain=es\",\"https:\/\/www.instagram.com\/immotecnics\/\",\"https:\/\/www.youtube.com\/channel\/UCuui4F1ETMrBhYS7BbGrhGg\"]},{\"@type\":\"Person\",\"@id\":\"https:\/\/immotecnics.com\/ca\/#\/schema\/person\/c15d2bb82e08c5e348ab509c19400945\",\"name\":\"Oriol Tarrag\u00f3\",\"image\":{\"@type\":\"ImageObject\",\"inLanguage\":\"ca\",\"@id\":\"https:\/\/immotecnics.com\/wp-content\/uploads\/2023\/03\/oriol-tarrago-100x100.jpg\",\"url\":\"https:\/\/immotecnics.com\/wp-content\/uploads\/2023\/03\/oriol-tarrago-100x100.jpg\",\"contentUrl\":\"https:\/\/immotecnics.com\/wp-content\/uploads\/2023\/03\/oriol-tarrago-100x100.jpg\",\"caption\":\"Oriol Tarrag\u00f3\"},\"description\":\"L\u00edder de equipos, responsable de la ejecuci\u00f3n comercial de viviendas para tener el m\u00e1ximo rendimiento en conversiones de leads. Especializado en la negociaci\u00f3n inmobiliaria.\",\"url\":\"https:\/\/immotecnics.com\/ca\/author\/oriol-tarrago\/\"}]}<\/script>\n<!-- \/ Yoast SEO plugin. -->","yoast_head_json":{"title":"5 TIPS per a evitar l'ocupaci\u00f3 del teu habitatge - Immot\u00e8cnics","robots":{"index":"index","follow":"follow","max-snippet":"max-snippet:-1","max-image-preview":"max-image-preview:large","max-video-preview":"max-video-preview:-1"},"canonical":"https:\/\/immotecnics.com\/ca\/evitar-ocupacio-del-teu-habitatge\/","og_locale":"ca_ES","og_type":"article","og_title":"5 TIPS per a evitar l'ocupaci\u00f3 del teu habitatge - Immot\u00e8cnics","og_description":"L'ocupaci\u00f3 en l'\u00e0mbit immobiliari es refereix al fet que una persona o grup de persones s'instal\u00b7lin en una propietat sense tenir el dret legal per a fer-lo. En altres paraules, \u00e9s quan alg\u00fa ocupa un habitatge que no li pertany ni ha llogat. L'ocupaci\u00f3 il\u00b7legal pot ser un problema seri\u00f3s tant per als propietaris com [&hellip;]","og_url":"https:\/\/immotecnics.com\/ca\/evitar-ocupacio-del-teu-habitatge\/","og_site_name":"Immot\u00e8cnics","article_publisher":"https:\/\/www.facebook.com\/immotecnics\/","article_published_time":"2023-05-02T14:20:40+00:00","article_modified_time":"2023-05-08T14:16:13+00:00","og_image":[{"width":1200,"height":700,"url":"https:\/\/immotecnics.com\/wp-content\/uploads\/2023\/05\/ocupacion-vivienda.jpg","type":"image\/jpeg"}],"author":"Oriol Tarrag\u00f3","twitter_card":"summary_large_image","twitter_creator":"@Immotecnics","twitter_site":"@Immotecnics","twitter_misc":{"Escrit per":"Oriol Tarrag\u00f3","Temps estimat de lectura":"2 minuts"},"schema":{"@context":"https:\/\/schema.org","@graph":[{"@type":"Article","@id":"https:\/\/immotecnics.com\/ca\/evitar-ocupacio-del-teu-habitatge\/#article","isPartOf":{"@id":"https:\/\/immotecnics.com\/ca\/evitar-ocupacio-del-teu-habitatge\/"},"author":{"name":"Oriol Tarrag\u00f3","@id":"https:\/\/immotecnics.com\/ca\/#\/schema\/person\/c15d2bb82e08c5e348ab509c19400945"},"headline":"5 TIPS per a evitar l'ocupaci\u00f3 del teu habitatge","datePublished":"2023-05-02T14:20:40+00:00","dateModified":"2023-05-08T14:16:13+00:00","mainEntityOfPage":{"@id":"https:\/\/immotecnics.com\/ca\/evitar-ocupacio-del-teu-habitatge\/"},"wordCount":486,"commentCount":0,"publisher":{"@id":"https:\/\/immotecnics.com\/ca\/#organization"},"image":{"@id":"https:\/\/immotecnics.com\/ca\/evitar-ocupacio-del-teu-habitatge\/#primaryimage"},"thumbnailUrl":"https:\/\/immotecnics.com\/wp-content\/uploads\/2023\/05\/ocupacion-vivienda.jpg","inLanguage":"ca","potentialAction":[{"@type":"CommentAction","name":"Comment","target":["https:\/\/immotecnics.com\/ca\/evitar-ocupacio-del-teu-habitatge\/#respond"]}]},{"@type":"WebPage","@id":"https:\/\/immotecnics.com\/ca\/evitar-ocupacio-del-teu-habitatge\/","url":"https:\/\/immotecnics.com\/ca\/evitar-ocupacio-del-teu-habitatge\/","name":"5 TIPS per a evitar l'ocupaci\u00f3 del teu habitatge - Immot\u00e8cnics","isPartOf":{"@id":"https:\/\/immotecnics.com\/ca\/#website"},"primaryImageOfPage":{"@id":"https:\/\/immotecnics.com\/ca\/evitar-ocupacio-del-teu-habitatge\/#primaryimage"},"image":{"@id":"https:\/\/immotecnics.com\/ca\/evitar-ocupacio-del-teu-habitatge\/#primaryimage"},"thumbnailUrl":"https:\/\/immotecnics.com\/wp-content\/uploads\/2023\/05\/ocupacion-vivienda.jpg","datePublished":"2023-05-02T14:20:40+00:00","dateModified":"2023-05-08T14:16:13+00:00","breadcrumb":{"@id":"https:\/\/immotecnics.com\/ca\/evitar-ocupacio-del-teu-habitatge\/#breadcrumb"},"inLanguage":"ca","potentialAction":[{"@type":"ReadAction","target":["https:\/\/immotecnics.com\/ca\/evitar-ocupacio-del-teu-habitatge\/"]}]},{"@type":"ImageObject","inLanguage":"ca","@id":"https:\/\/immotecnics.com\/ca\/evitar-ocupacio-del-teu-habitatge\/#primaryimage","url":"https:\/\/immotecnics.com\/wp-content\/uploads\/2023\/05\/ocupacion-vivienda.jpg","contentUrl":"https:\/\/immotecnics.com\/wp-content\/uploads\/2023\/05\/ocupacion-vivienda.jpg","width":1200,"height":700},{"@type":"BreadcrumbList","@id":"https:\/\/immotecnics.com\/ca\/evitar-ocupacio-del-teu-habitatge\/#breadcrumb","itemListElement":[{"@type":"ListItem","position":1,"name":"Home","item":"https:\/\/immotecnics.com\/ca\/"},{"@type":"ListItem","position":2,"name":"5 TIPS per a evitar l'ocupaci\u00f3 del teu habitatge"}]},{"@type":"WebSite","@id":"https:\/\/immotecnics.com\/ca\/#website","url":"https:\/\/immotecnics.com\/ca\/","name":"Immot\u00e8cnics","description":"Immobiliaria Real State","publisher":{"@id":"https:\/\/immotecnics.com\/ca\/#organization"},"potentialAction":[{"@type":"SearchAction","target":{"@type":"EntryPoint","urlTemplate":"https:\/\/immotecnics.com\/ca\/?s={search_term_string}"},"query-input":{"@type":"PropertyValueSpecification","valueRequired":true,"valueName":"search_term_string"}}],"inLanguage":"ca"},{"@type":"Organization","@id":"https:\/\/immotecnics.com\/ca\/#organization","name":"Immot\u00e8cnics","url":"https:\/\/immotecnics.com\/ca\/","logo":{"@type":"ImageObject","inLanguage":"ca","@id":"https:\/\/immotecnics.com\/ca\/#\/schema\/logo\/image\/","url":"https:\/\/immotecnics.com\/wp-content\/uploads\/2023\/03\/cropped-favicon.png","contentUrl":"https:\/\/immotecnics.com\/wp-content\/uploads\/2023\/03\/cropped-favicon.png","width":512,"height":512,"caption":"Immot\u00e8cnics"},"image":{"@id":"https:\/\/immotecnics.com\/ca\/#\/schema\/logo\/image\/"},"sameAs":["https:\/\/www.facebook.com\/immotecnics\/","https:\/\/x.com\/Immotecnics","https:\/\/www.linkedin.com\/company\/immotecnics\/?originalSubdomain=es","https:\/\/www.instagram.com\/immotecnics\/","https:\/\/www.youtube.com\/channel\/UCuui4F1ETMrBhYS7BbGrhGg"]},{"@type":"Person","@id":"https:\/\/immotecnics.com\/ca\/#\/schema\/person\/c15d2bb82e08c5e348ab509c19400945","name":"Oriol Tarrag\u00f3","image":{"@type":"ImageObject","inLanguage":"ca","@id":"https:\/\/immotecnics.com\/wp-content\/uploads\/2023\/03\/oriol-tarrago-100x100.jpg","url":"https:\/\/immotecnics.com\/wp-content\/uploads\/2023\/03\/oriol-tarrago-100x100.jpg","contentUrl":"https:\/\/immotecnics.com\/wp-content\/uploads\/2023\/03\/oriol-tarrago-100x100.jpg","caption":"Oriol Tarrag\u00f3"},"description":"L\u00edder de equipos, responsable de la ejecuci\u00f3n comercial de viviendas para tener el m\u00e1ximo rendimiento en conversiones de leads. Especializado en la negociaci\u00f3n inmobiliaria.","url":"https:\/\/immotecnics.com\/ca\/author\/oriol-tarrago\/"}]}},"_links":{"self":[{"href":"https:\/\/immotecnics.com\/ca\/wp-json\/wp\/v2\/posts\/1401","targetHints":{"allow":["GET"]}}],"collection":[{"href":"https:\/\/immotecnics.com\/ca\/wp-json\/wp\/v2\/posts"}],"about":[{"href":"https:\/\/immotecnics.com\/ca\/wp-json\/wp\/v2\/types\/post"}],"author":[{"embeddable":true,"href":"https:\/\/immotecnics.com\/ca\/wp-json\/wp\/v2\/users\/4"}],"replies":[{"embeddable":true,"href":"https:\/\/immotecnics.com\/ca\/wp-json\/wp\/v2\/comments?post=1401"}],"version-history":[{"count":0,"href":"https:\/\/immotecnics.com\/ca\/wp-json\/wp\/v2\/posts\/1401\/revisions"}],"wp:featuredmedia":[{"embeddable":true,"href":"https:\/\/immotecnics.com\/ca\/wp-json\/wp\/v2\/media\/1397"}],"wp:attachment":[{"href":"https:\/\/immotecnics.com\/ca\/wp-json\/wp\/v2\/media?parent=1401"}],"wp:term":[{"taxonomy":"category","embeddable":true,"href":"https:\/\/immotecnics.com\/ca\/wp-json\/wp\/v2\/categories?post=1401"},{"taxonomy":"post_tag","embeddable":true,"href":"https:\/\/immotecnics.com\/ca\/wp-json\/wp\/v2\/tags?post=1401"}],"curies":[{"name":"wp","href":"https:\/\/api.w.org\/{rel}","templated":true}]}}